{"id":43895,"date":"2023-01-15T13:28:08","date_gmt":"2023-01-15T13:28:08","guid":{"rendered":"https:\/\/lamarescapela.pt\/artigo-de-opiniao-vistos-gold-o-governo-falhou\/"},"modified":"2023-01-15T13:28:08","modified_gmt":"2023-01-15T13:28:08","slug":"artigo-de-opiniao-vistos-gold-o-governo-falhou","status":"publish","type":"post","link":"https:\/\/lamarescapela.pt\/en\/artigo-de-opiniao-vistos-gold-o-governo-falhou\/","title":{"rendered":"Artigo de opini\u00e3o | Vistos Gold: O Governo falhou?"},"content":{"rendered":"<p style=\"font-weight: 400;\">Criado no final de 2012, o Programa Golden Visa Portugal contemplava o investimento estrangeiro para cria\u00e7\u00e3o de empresas e consequentemente postos de trabalho. Ao fim de uma d\u00e9cada, os dados revelam que esta medida n\u00e3o impulsionou a economia do Pa\u00eds ou reduziu a taxa de desemprego.<\/p>\n<p style=\"font-weight: 400;\">Diogo Capela, s\u00f3cio da Lamares, Capela &amp; Associados considera que \u201cse para os portugueses \u00e9 dif\u00edcil manterem as suas empresas em atividade durante v\u00e1rios anos, para um investidor de outra nacionalidade que tenha criado uma empresa com o objetivo de obter o Golden Visa, o n\u00edvel de dificuldade acentua. Al\u00e9m da excessiva carga fiscal, confronta-se com dificuldades como, por exemplo, o acesso ao cr\u00e9dito, as barreiras lingu\u00edsticas, o intermin\u00e1vel processo burocr\u00e1tico nos processos de licenciamento, ou constrangimentos numa legisla\u00e7\u00e3o laboral excessivamente protecionista em rela\u00e7\u00e3o aos trabalhadores\u201d.<\/p>\n<p>Leia a opini\u00e3o de Diogo Capela sobre esta mat\u00e9ria, publicada no dia 12 de janeiro no jornal <a href=\"https:\/\/observador.pt\/opiniao\/vistos-gold-o-governo-falhou\/\" rel=\"noopener\">Observador.<\/a><\/p>\n","protected":false},"excerpt":{"rendered":"<p>Criado no final de 2012, o Programa Golden Visa Portugal contemplava o investimento estrangeiro para cria\u00e7\u00e3o de empresas e consequentemente postos de trabalho. Ao fim de uma d\u00e9cada, os dados revelam que esta medida n\u00e3o impulsionou a economia do Pa\u00eds ou reduziu a taxa de desemprego. Diogo Capela, s\u00f3cio da Lamares, Capela &amp; Associados considera [&hellip;]<\/p>\n","protected":false},"author":8,"featured_media":41694,"comment_status":"closed","ping_status":"closed","sticky":false,"template":"","format":"standard","meta":{"_acf_changed":false,"footnotes":""},"categories":[2075,2078],"tags":[],"class_list":["post-43895","post","type-post","status-publish","format-standard","has-post-thumbnail","hentry","category-golden-visa","category-non-habitual-resident"],"acf":[],"_links":{"self":[{"href":"https:\/\/lamarescapela.pt\/en\/wp-json\/wp\/v2\/posts\/43895","targetHints":{"allow":["GET"]}}],"collection":[{"href":"https:\/\/lamarescapela.pt\/en\/wp-json\/wp\/v2\/posts"}],"about":[{"href":"https:\/\/lamarescapela.pt\/en\/wp-json\/wp\/v2\/types\/post"}],"author":[{"embeddable":true,"href":"https:\/\/lamarescapela.pt\/en\/wp-json\/wp\/v2\/users\/8"}],"replies":[{"embeddable":true,"href":"https:\/\/lamarescapela.pt\/en\/wp-json\/wp\/v2\/comments?post=43895"}],"version-history":[{"count":0,"href":"https:\/\/lamarescapela.pt\/en\/wp-json\/wp\/v2\/posts\/43895\/revisions"}],"wp:featuredmedia":[{"embeddable":true,"href":"https:\/\/lamarescapela.pt\/en\/wp-json\/wp\/v2\/media\/41694"}],"wp:attachment":[{"href":"https:\/\/lamarescapela.pt\/en\/wp-json\/wp\/v2\/media?parent=43895"}],"wp:term":[{"taxonomy":"category","embeddable":true,"href":"https:\/\/lamarescapela.pt\/en\/wp-json\/wp\/v2\/categories?post=43895"},{"taxonomy":"post_tag","embeddable":true,"href":"https:\/\/lamarescapela.pt\/en\/wp-json\/wp\/v2\/tags?post=43895"}],"curies":[{"name":"wp","href":"https:\/\/api.w.org\/{rel}","templated":true}]}}