{"id":44056,"date":"2019-04-08T13:46:54","date_gmt":"2019-04-08T13:46:54","guid":{"rendered":"https:\/\/lamarescapela.pt\/tech-visa\/"},"modified":"2023-09-01T07:28:36","modified_gmt":"2023-09-01T07:28:36","slug":"tech-visa","status":"publish","type":"post","link":"https:\/\/lamarescapela.pt\/en\/tech-visa\/","title":{"rendered":"Tech Visa"},"content":{"rendered":"<h3>Para quem?<\/h3>\n<p>O Tech Visa \u00e9 um programa de certifica\u00e7\u00e3o dirigido \u00e0s empresas com sede ou estabelecimento est\u00e1vel em Portugal, para simplificar a concess\u00e3o de visto ou de autoriza\u00e7\u00e3o de resid\u00eancia a nacionais de pa\u00edses fora da Uni\u00e3o Europeia, altamente qualificados, que nelas pretendam desenvolver a sua atividade.<\/p>\n<p>Nota: A certifica\u00e7\u00e3o da empresa \u00e9 v\u00e1lida por dois anos e renov\u00e1vel por iguais per\u00edodos.<\/p>\n<h3>Condi\u00e7\u00f5es de acesso<\/h3>\n<p><strong>Para as Empresas:<\/strong><\/p>\n<p>Sem preju\u00edzo do cumprimento de outros requisitos legais que se mostrem aplic\u00e1veis, as candidaturas de empresas no \u00e2mbito do Tech Visa s\u00e3o avaliadas e selecionadas com base nos seguintes crit\u00e9rios:<\/p>\n<ul>\n<li>Estar legalmente constitu\u00eddas;<\/li>\n<li>Aus\u00eancia de d\u00edvidas \u00e0 seguran\u00e7a social e \u00e0 administra\u00e7\u00e3o fiscal;<\/li>\n<li>N\u00e3o ter sal\u00e1rios em atraso;<\/li>\n<li>N\u00e3o ser consideradas empresas em reestrutura\u00e7\u00e3o;<\/li>\n<li>Identificar na candidatura as \u00e1reas t\u00e9cnicas de qualifica\u00e7\u00e3o preferencialmente pretendidas no \u00e2mbito do programa \u00abTech Visa\u00bb, de acordo com o Cat\u00e1logo Nacional de Qualifica\u00e7\u00f5es;<\/li>\n<li>No caso de empresas constitu\u00eddas h\u00e1 mais de tr\u00eas anos, possuir uma situa\u00e7\u00e3o l\u00edquida positiva, evidenciada na \u00faltima Informa\u00e7\u00e3o Empresarial Simplificada (IES) dispon\u00edvel;<\/li>\n<li>Desenvolver uma atividade de produ\u00e7\u00e3o de bens e servi\u00e7os internacionaliz\u00e1veis;<\/li>\n<li>Obter uma avalia\u00e7\u00e3o positiva da candidatura nos seguintes crit\u00e9rios de avalia\u00e7\u00e3o:<br \/>\na) Potencial de mercado;<br \/>\nb) Orienta\u00e7\u00e3o para os mercados externos.<\/li>\n<\/ul>\n<p><strong>Para os trabalhadores altamente qualificados:<\/strong><\/p>\n<p>Os trabalhadores altamente qualificados dever\u00e3o cumprir os seguintes requisitos:<\/p>\n<ul>\n<li>Ser cidad\u00e3o de Estado terceiro e n\u00e3o residir de forma permanente na Uni\u00e3o Europeia;<\/li>\n<li>Ter a situa\u00e7\u00e3o contributiva regularizada perante a administra\u00e7\u00e3o fiscal e seguran\u00e7a social, quando aplic\u00e1vel;<\/li>\n<li>N\u00e3o possuir antecedentes criminais;<\/li>\n<li>Ter idade igual ou superior a 18 anos;<\/li>\n<li>Exercer atividade altamente qualificada demonstrada atrav\u00e9s do cumprimento de um dos seguintes requisitos:<br \/>\na) Possuir um n\u00edvel de qualifica\u00e7\u00e3o m\u00ednima de n\u00edvel VI de acordo com o ISCED -2011;<br \/>\nb) No caso de trabalhadores com um n\u00edvel de qualifica\u00e7\u00e3o V, curso t\u00e9cnico superior profissional, de acordo com o ISCED-2011, devem demonstrar possuir compet\u00eancias t\u00e9cnicas especializadas de car\u00e1cter excecional, obtidas atrav\u00e9s de experi\u00eancia m\u00ednima de 5 anos;<br \/>\nc) Contrato de trabalho ou promessa de contrato de trabalho com dura\u00e7\u00e3o m\u00ednima de 12 meses;<\/li>\n<li>Ter um vencimento anual m\u00ednimo equivalente a 2,5 vezes o Indexante de Apoios Sociais;<\/li>\n<li>Possuir dom\u00ednio da l\u00edngua portuguesa, inglesa, francesa ou espanhola adequado \u00e0s fun\u00e7\u00f5es a desempenhar.<\/li>\n<\/ul>\n<p>Nota: As empresas do interior que pretendam beneficiar deste programa podem contratar em simult\u00e2neo at\u00e9 80% de trabalhadores ao abrigo do Tech Visa. As restantes empresas n\u00e3o podem ultrapassar os 50%.<\/p>\n<h3>Vantagens<\/h3>\n<p><strong>Para as empresas:<\/strong><\/p>\n<ul>\n<li>Adquirindo a certifica\u00e7\u00e3o, a empresa passa a poder emitir termos de responsabilidade aos trabalhadores estrangeiros altamente qualificados que pretenda contratar, deixando de ser necess\u00e1ria a obten\u00e7\u00e3o pr\u00e9via de um parecer emitido pela Funda\u00e7\u00e3o para a Ci\u00eancia e Tecnologia, I.P., a quem competia anteriormente a classifica\u00e7\u00e3o da atividade como qualificada, agilizando-se desta forma o processo junto das entidades competentes.<\/li>\n<\/ul>\n<p><strong>Para os trabalhadores altamente qualificados:<\/strong><\/p>\n<ul>\n<li>Entrar e permanecer em Portugal e nos outros pa\u00edses que integram o Espa\u00e7o Schengen sem necessidade de visto;<\/li>\n<li>Beneficiar do <a href=\"https:\/\/lamarescapela.pt\/en\/knowledge\/golden-visa\/what-is-family-reunification-in-portugal\/\" target=\"_blank\" rel=\"noopener\">reagrupamento familiar<\/a>;<\/li>\n<li>Acesso a uma<a href=\"https:\/\/lamarescapela.pt\/areas-de-actividad\/vistos-residencia\/\" target=\"_blank\" rel=\"noopener\"> autoriza\u00e7\u00e3o de resid\u00eancia<\/a>;<\/li>\n<li>Conciliar a sua autoriza\u00e7\u00e3o de resid\u00eancia com o <a href=\"https:\/\/lamarescapela.pt\/areas-de-actividade\/rnh-em-portugal\/\" target=\"_blank\" rel=\"noopener\">Estatuto de Residente N\u00e3o-Habitual (RNH)<\/a>;<\/li>\n<li>\u00c0 <a href=\"https:\/\/lamarescapela.pt\/areas-de-actividad\/nacionalidade-portuguesa\/\" target=\"_blank\" rel=\"noopener\">nacionalidade portuguesa<\/a> (no final de 5 anos)<\/li>\n<\/ul>\n","protected":false},"excerpt":{"rendered":"<p>Para quem? O Tech Visa \u00e9 um programa de certifica\u00e7\u00e3o dirigido \u00e0s empresas com sede ou estabelecimento est\u00e1vel em Portugal, para simplificar a concess\u00e3o de visto ou de autoriza\u00e7\u00e3o de resid\u00eancia a nacionais de pa\u00edses fora da Uni\u00e3o Europeia, altamente qualificados, que nelas pretendam desenvolver a sua atividade. Nota: A certifica\u00e7\u00e3o da empresa \u00e9 v\u00e1lida [&hellip;]<\/p>\n","protected":false},"author":8,"featured_media":1087,"comment_status":"closed","ping_status":"closed","sticky":false,"template":"","format":"standard","meta":{"_acf_changed":false,"footnotes":""},"categories":[2074,2079],"tags":[],"class_list":["post-44056","post","type-post","status-publish","format-standard","has-post-thumbnail","hentry","category-companies","category-visas-and-residence-permits"],"acf":[],"_links":{"self":[{"href":"https:\/\/lamarescapela.pt\/en\/wp-json\/wp\/v2\/posts\/44056","targetHints":{"allow":["GET"]}}],"collection":[{"href":"https:\/\/lamarescapela.pt\/en\/wp-json\/wp\/v2\/posts"}],"about":[{"href":"https:\/\/lamarescapela.pt\/en\/wp-json\/wp\/v2\/types\/post"}],"author":[{"embeddable":true,"href":"https:\/\/lamarescapela.pt\/en\/wp-json\/wp\/v2\/users\/8"}],"replies":[{"embeddable":true,"href":"https:\/\/lamarescapela.pt\/en\/wp-json\/wp\/v2\/comments?post=44056"}],"version-history":[{"count":0,"href":"https:\/\/lamarescapela.pt\/en\/wp-json\/wp\/v2\/posts\/44056\/revisions"}],"wp:featuredmedia":[{"embeddable":true,"href":"https:\/\/lamarescapela.pt\/en\/wp-json\/wp\/v2\/media\/1087"}],"wp:attachment":[{"href":"https:\/\/lamarescapela.pt\/en\/wp-json\/wp\/v2\/media?parent=44056"}],"wp:term":[{"taxonomy":"category","embeddable":true,"href":"https:\/\/lamarescapela.pt\/en\/wp-json\/wp\/v2\/categories?post=44056"},{"taxonomy":"post_tag","embeddable":true,"href":"https:\/\/lamarescapela.pt\/en\/wp-json\/wp\/v2\/tags?post=44056"}],"curies":[{"name":"wp","href":"https:\/\/api.w.org\/{rel}","templated":true}]}}