{"id":41032,"date":"2023-07-03T09:16:59","date_gmt":"2023-07-03T09:16:59","guid":{"rendered":"https:\/\/lamarescapela.pt\/nuevas-tendencias-de-inmigracion-en-portugal-descubra-quienes-son-los-extranjeros-que-viven-en-portugal\/"},"modified":"2023-09-20T10:29:24","modified_gmt":"2023-09-20T10:29:24","slug":"nuevas-tendencias-de-inmigracion-en-portugal-descubra-quienes-son-los-extranjeros-que-viven-en-portugal","status":"publish","type":"post","link":"https:\/\/lamarescapela.pt\/es\/nuevas-tendencias-de-inmigracion-en-portugal-descubra-quienes-son-los-extranjeros-que-viven-en-portugal\/","title":{"rendered":"Nuevas tendencias de inmigraci\u00f3n en Portugal &#8211; descubra qui\u00e9nes son los extranjeros que viven en Portugal"},"content":{"rendered":"<p>Ya est\u00e1 disponible el Informe sobre <strong>Inmigraci\u00f3n, Fronteras y Asilo<\/strong> con los \u00faltimos datos disponibles para <strong>2022<\/strong>. <strong>Este informe ha sido elaborado por<\/strong> <a href=\"https:\/\/www.sef.pt\/pt\/Pages\/homepage.aspx\" rel=\"noopener\">SEF<\/a> y puede consultarse \u00edntegramente <a href=\"https:\/\/www.youtube.com\/watch?v=Zp7g-zMwgFw&amp;ab_channel=Servi%C3%A7odeEstrangeiroseFronteiras\" rel=\"noopener\">aqui<\/a>.<\/p>\n<p>Nunca ha habido tantos extranjeros viviendo en Portugal. El n\u00famero ha evolucionado positivamente desde 2017, cuando Portugal contaba con poco m\u00e1s de 420.000 residentes extranjeros. <strong>Hoy son m\u00e1s de 780.000, la mayor\u00eda de los cuales son ciudadanos brasile\u00f1os<\/strong> (cerca de 240.000), <strong>seguidos de ciudadanos del Reino Unido<\/strong> (aproximadamente 40.000) y <strong>tambi\u00e9n de Cabo Verde<\/strong> (cerca de 37.000).<\/p>\n<p>Al analizar la distribuci\u00f3n actual de estos ciudadanos en Portugal, se observa que <strong>la gran mayor\u00eda (m\u00e1s de 300.000) se ha instalado en Lisboa, seguida de los distritos de Faro, Set\u00fabal y Oporto,<\/strong> respectivamente.<\/p>\n<p><img fetchpriority=\"high\" decoding=\"async\" class=\"alignnone wp-image-43765\" src=\"https:\/\/lamarescapela.pt\/wp-content\/uploads\/pop-por-concelho.png\" alt=\"\" width=\"450\" height=\"309\" \/><\/p>\n<p><em>SEF<\/em><\/p>\n<p>El predominio de ciudadanos brasile\u00f1os en Portugal no es ninguna novedad, pero cabe destacar que se ha registrado un fuerte aumento (22%) en relaci\u00f3n al a\u00f1o pasado, lo que demuestra un creciente inter\u00e9s por el territorio nacional.<\/p>\n<p>Considerando la importancia de esta comunidad en Portugal, el Gobierno ha llevado a cabo iniciativas como la <a href=\"https:\/\/lamarescapela.pt\/es\/conocimiento\/visados-y-permisos-de-residencia\/igualdad-digital-para-brasilenos-y-portugueses\/\"><strong>Igualdad Digital, ya informada por nosotros<\/strong> <\/a>, que pretende facilitar el proceso burocr\u00e1tico asociado a la venida de ciudadanos brasile\u00f1os a Portugal, posibilitando, por ejemplo, la adquisici\u00f3n de la residencia de forma mucho m\u00e1s sencilla (y digital).<\/p>\n<p>Sin embargo, es curioso observar que, a pesar del aumento de ciudadanos brasile\u00f1os en Portugal en comparaci\u00f3n con el a\u00f1o pasado, la categor\u00eda \u00abOtros\u00bb, reflejada en el cuadro del SEF, tuvo un mayor crecimiento<strong>. Seg\u00fan los datos existentes, hubo un crecimiento superior al 33% en el n\u00famero de ciudadanos extranjeros residentes en Portugal procedentes de destinos considerados no convencionales.<\/strong><\/p>\n<p>Entre ellos, las cifras m\u00e1s expresivas est\u00e1n relacionadas con <strong>la llegada de ciudadanos de Ocean\u00eda (+130%) y Europa del Este (+94%)<\/strong>. Esto \u00faltimo se debe tambi\u00e9n a la situaci\u00f3n de guerra en Ucrania y a la llegada de muchos nuevos residentes que huyeron del conflicto en ese pa\u00eds.<\/p>\n<p>Tambi\u00e9n es interesante observar, al analizar los nuevos residentes extranjeros en Portugal, <strong>que los ciudadanos de pa\u00edses como India, Bangladesh, Nepal o Pakist\u00e1n vienen por motivos profesionales<\/strong> (est\u00e1n aqu\u00ed trabajando), <strong>mientras que los procedentes de pa\u00edses africanos como Angola o Cabo Verde solicitan la reagrupaci\u00f3n familiar<\/strong>. Los ciudadanos brasile\u00f1os no son una excepci\u00f3n: el 47% de los residentes trabaja en Portugal, mientras que aproximadamente el 30% solicita la reagrupaci\u00f3n familiar.<\/p>\n<p><img decoding=\"async\" class=\"alignleft wp-image-15629\" src=\"https:\/\/lamarescapela.pt\/wp-content\/uploads\/nacionalidades.png\" alt=\"Imigra\u00e7\u00e3o em Portugal\" width=\"400\" height=\"266\" \/><\/p>\n<p>&nbsp;<\/p>\n<p>&nbsp;<\/p>\n<p>&nbsp;<\/p>\n<p>&nbsp;<\/p>\n<p>&nbsp;<\/p>\n<p>&nbsp;<\/p>\n<p>&nbsp;<\/p>\n<p>&nbsp;<\/p>\n<p>La <strong>lista de extranjeros a los que se concedi\u00f3 la residencia por \u00abactividad de inversi\u00f3n<\/strong>\u00bb &#8211; que est\u00e1 relacionada con la atribuci\u00f3n de <strong>Visados Dorados<\/strong> mediante la compra de bienes inmuebles y la transferencia de capital &#8211; <strong>est\u00e1 encabezada por ciudadanos de Estados Unidos (216), seguidos de chinos (213) y brasile\u00f1os (109).<\/strong><\/p>\n<p><img decoding=\"async\" class=\"alignnone size-full wp-image-43761\" src=\"https:\/\/lamarescapela.pt\/wp-content\/uploads\/vistos-gold-1.png\" alt=\"\" width=\"400\" height=\"275\" \/><\/p>\n<p>Por fin, tambi\u00e9n hay que destacar <strong>un aumento significativo de las solicitudes de nacionalidad &#8211; desde 2021, se han emitido m\u00e1s de 63 mil dict\u00e1menes positivos<\/strong> de nacionalidad portuguesa a ciudadanos extranjeros, <strong>en su mayor\u00eda a ciudadanos de Israel<\/strong> (m\u00e1s de 20 mil) <strong>y Brasil<\/strong> (m\u00e1s de 18 mil).<\/p>\n<p><a href=\"https:\/\/lamarescapela.pt\/wp-content\/uploads\/pedidos-de-nacionalidade.png\"><img loading=\"lazy\" decoding=\"async\" class=\"wp-image-15635 alignleft\" src=\"https:\/\/lamarescapela.pt\/wp-content\/uploads\/pedidos-de-nacionalidade.png\" alt=\"Imigra\u00e7\u00e3o em Portugal\" width=\"400\" height=\"286\" \/><\/a><\/p>\n<p>&nbsp;<\/p>\n<p><strong>La mayor\u00eda obtiene la nacionalidad por naturalizaci\u00f3n<\/strong> (por ejemplo, por tiempo de residencia), pero en el caso de los ciudadanos brasile\u00f1os, las cifras muestran que la mayor\u00eda adquiri\u00f3 la nacionalidad por voluntad propia, mediante matrimonio o uni\u00f3n de hecho.<\/p>\n<p>Le recordamos que puede consultar estos y otros muchos datos aqu\u00ed y <strong><a href=\"https:\/\/lamarescapela.pt\/es\/contacto\/\">ponerse en contacto <\/a><\/strong>\u00a0con nuestro equipo para cualquier cuesti\u00f3n sobre Inmigraci\u00f3n y solicitar apoyo o asesor\u00eda en este \u00e1mbito.<\/p>\n<p>&nbsp;<\/p>\n<p><em>A Lamares, Capela &amp; Associados apoia e representa os seus clientes nos\u00a0<strong>servi\u00e7os relacionados com a concess\u00e3o de vistos e autoriza\u00e7\u00f5es de resid\u00eancia em Portugal, bem como nos processos de aquisi\u00e7\u00e3o da nacionalidade portuguesa<\/strong>. Prestamos ainda servi\u00e7os de relocaliza\u00e7\u00e3o a clientes individuais e empresas que pretendam instalar-se em Portugal.<\/em><\/p>\n","protected":false},"excerpt":{"rendered":"<p>Ya est\u00e1 disponible el Informe sobre Inmigraci\u00f3n, Fronteras y Asilo con los \u00faltimos datos disponibles para 2022. Este informe ha sido elaborado por SEF y puede consultarse \u00edntegramente aqui.<\/p>\n","protected":false},"author":8,"featured_media":41029,"comment_status":"closed","ping_status":"closed","sticky":false,"template":"","format":"standard","meta":{"_acf_changed":false,"footnotes":""},"categories":[2083,2084,2087],"tags":[],"class_list":["post-41032","post","type-post","status-publish","format-standard","has-post-thumbnail","hentry","category-inmigracion","category-nacionalidad-portuguesa","category-visas-gold"],"acf":[],"_links":{"self":[{"href":"https:\/\/lamarescapela.pt\/es\/wp-json\/wp\/v2\/posts\/41032","targetHints":{"allow":["GET"]}}],"collection":[{"href":"https:\/\/lamarescapela.pt\/es\/wp-json\/wp\/v2\/posts"}],"about":[{"href":"https:\/\/lamarescapela.pt\/es\/wp-json\/wp\/v2\/types\/post"}],"author":[{"embeddable":true,"href":"https:\/\/lamarescapela.pt\/es\/wp-json\/wp\/v2\/users\/8"}],"replies":[{"embeddable":true,"href":"https:\/\/lamarescapela.pt\/es\/wp-json\/wp\/v2\/comments?post=41032"}],"version-history":[{"count":0,"href":"https:\/\/lamarescapela.pt\/es\/wp-json\/wp\/v2\/posts\/41032\/revisions"}],"wp:featuredmedia":[{"embeddable":true,"href":"https:\/\/lamarescapela.pt\/es\/wp-json\/wp\/v2\/media\/41029"}],"wp:attachment":[{"href":"https:\/\/lamarescapela.pt\/es\/wp-json\/wp\/v2\/media?parent=41032"}],"wp:term":[{"taxonomy":"category","embeddable":true,"href":"https:\/\/lamarescapela.pt\/es\/wp-json\/wp\/v2\/categories?post=41032"},{"taxonomy":"post_tag","embeddable":true,"href":"https:\/\/lamarescapela.pt\/es\/wp-json\/wp\/v2\/tags?post=41032"}],"curies":[{"name":"wp","href":"https:\/\/api.w.org\/{rel}","templated":true}]}}