{"id":41061,"date":"2023-06-06T10:26:34","date_gmt":"2023-06-06T10:26:34","guid":{"rendered":"https:\/\/lamarescapela.pt\/el-parlamento-portugues-continua-el-debate-sobre-las-visas-doradas\/"},"modified":"2023-08-21T15:51:10","modified_gmt":"2023-08-21T15:51:10","slug":"el-parlamento-portugues-continua-el-debate-sobre-las-visas-doradas","status":"publish","type":"post","link":"https:\/\/lamarescapela.pt\/es\/el-parlamento-portugues-continua-el-debate-sobre-las-visas-doradas\/","title":{"rendered":"\u201cEl parlamento portugu\u00e9s contin\u00faa el debate sobre las visas doradas\u201d"},"content":{"rendered":"<p>La Revista Uglobal public\u00f3 un art\u00edculo centrado en el tema de la Golden Visa en Portugal, cuya legislaci\u00f3n fue aprobada en general, sin embargo a\u00fan se debate en la especialidad.<\/p>\n<p>\u201cHace casi cuatro meses, el gobierno portugu\u00e9s anunci\u00f3 el final del programa de visa dorada como parte de su estrategia para combatir el aumento de los costos de la vivienda, iniciando un proceso legal destinado a eliminar el programa de residencia por inversi\u00f3n m\u00e1s popular de Europa\u201d, se lee en la introducci\u00f3n. al art\u00edculo<\/p>\n<p>Diogo Capela, socio de Lamares, Capela &amp; Associados aport\u00f3 a este dossier: \u201c&#8230;Aconsejo a mis clientes e inversores que sigan trabajando en sus procesos, para que podamos presentar solicitudes antes de que finalice el Programa\u201d.<\/p>\n<p>El Programa Golden Visa Portugal se cre\u00f3 en octubre de 2012 con el objetivo de atraer inversi\u00f3n extranjera. En una d\u00e9cada movi\u00f3 unos 7.000 millones de euros y, hasta enero de este a\u00f1o, se emitieron 11.180 Autorizaciones de Residencia por Inversi\u00f3n (hasta diciembre de 2022), seg\u00fan cifras difundidas por el Servicio de Extranjer\u00eda y Fronteras.<\/p>\n<p>Lea el art\u00edculo completo: <a href=\"https:\/\/www.uglobal.com\/en\/immigration\/posts\/portuguese-parliament-continues-golden-visa-debate\/\" target=\"_blank\" rel=\"noopener\">Portuguese parliament continues golden visa debate &#8211; Uglobal<\/a><\/p>\n","protected":false},"excerpt":{"rendered":"<p>La Revista Uglobal public\u00f3 un art\u00edculo centrado en el tema de la Golden Visa en Portugal, cuya legislaci\u00f3n fue aprobada en general, sin embargo a\u00fan se debate en la especialidad.<\/p>\n","protected":false},"author":8,"featured_media":41058,"comment_status":"closed","ping_status":"closed","sticky":false,"template":"","format":"standard","meta":{"_acf_changed":false,"footnotes":""},"categories":[2087],"tags":[],"class_list":["post-41061","post","type-post","status-publish","format-standard","has-post-thumbnail","hentry","category-visas-gold"],"acf":[],"_links":{"self":[{"href":"https:\/\/lamarescapela.pt\/es\/wp-json\/wp\/v2\/posts\/41061","targetHints":{"allow":["GET"]}}],"collection":[{"href":"https:\/\/lamarescapela.pt\/es\/wp-json\/wp\/v2\/posts"}],"about":[{"href":"https:\/\/lamarescapela.pt\/es\/wp-json\/wp\/v2\/types\/post"}],"author":[{"embeddable":true,"href":"https:\/\/lamarescapela.pt\/es\/wp-json\/wp\/v2\/users\/8"}],"replies":[{"embeddable":true,"href":"https:\/\/lamarescapela.pt\/es\/wp-json\/wp\/v2\/comments?post=41061"}],"version-history":[{"count":0,"href":"https:\/\/lamarescapela.pt\/es\/wp-json\/wp\/v2\/posts\/41061\/revisions"}],"wp:featuredmedia":[{"embeddable":true,"href":"https:\/\/lamarescapela.pt\/es\/wp-json\/wp\/v2\/media\/41058"}],"wp:attachment":[{"href":"https:\/\/lamarescapela.pt\/es\/wp-json\/wp\/v2\/media?parent=41061"}],"wp:term":[{"taxonomy":"category","embeddable":true,"href":"https:\/\/lamarescapela.pt\/es\/wp-json\/wp\/v2\/categories?post=41061"},{"taxonomy":"post_tag","embeddable":true,"href":"https:\/\/lamarescapela.pt\/es\/wp-json\/wp\/v2\/tags?post=41061"}],"curies":[{"name":"wp","href":"https:\/\/api.w.org\/{rel}","templated":true}]}}