{"id":41103,"date":"2023-05-26T11:08:31","date_gmt":"2023-05-26T11:08:31","guid":{"rendered":"https:\/\/lamarescapela.pt\/azores-y-madeira-exigen-continuidad-de-gold-visas\/"},"modified":"2023-08-31T11:43:51","modified_gmt":"2023-08-31T11:43:51","slug":"azores-y-madeira-exigen-continuidad-de-gold-visas","status":"publish","type":"post","link":"https:\/\/lamarescapela.pt\/es\/azores-y-madeira-exigen-continuidad-de-gold-visas\/","title":{"rendered":"Azores y Madeira exigen continuidad de Gold Visas"},"content":{"rendered":"<p><em>Los gobiernos de las Regiones Aut\u00f3nomas Azores y Madeira defienden la continuidad de gold visas aunque entre en vigor la propuesta del Gobierno portugu\u00e9s.<\/em><\/p>\n<p>&nbsp;<\/p>\n<p>En las Regiones Aut\u00f3nomas &#8211; Azores y Madeira &#8211; los gobiernos regionales defienden la continuidad de gold visas, as\u00ed defender la inversi\u00f3n inmobiliaria en islas y en consecuencia la atracci\u00f3n de inversi\u00f3n extranjera.<\/p>\n<p>En declaraciones a la agencia de noticias portuguesa Lusa, el presidente del Gobierno Regional de Madeira, Miguel Albuquerque, sostuvo que el fin de las visas gold \u201cdebe ocurrir en consonancia con los intereses del pa\u00eds\u201d, que no son necesariamente los de Lisboa y Oporto.\u201d En estas declaraciones, Miguel Albuquerque afirm\u00f3 que \u201cqueremos mantener las visas doradas aqu\u00ed, en Madeira, entendemos que es bueno para el crecimiento de bienes ra\u00edces de altos ingresos\u201d.<\/p>\n<p>Recuerda que Madeira fue elegida como uno de los mejores lugares del mundo para los n\u00f3madas digitales, habi\u00e9ndose creado incluso una \u201caldea digital\u201d, la Digital Nomad Village Madeira Islands (<a href=\"https:\/\/lamarescapela.pt\/es\/conocimiento\/nacionalidad-portuguesa\/nomadas-digitales-madeira-entre-los-8-mejores-lugares-del-mundo-para-trabajar\/\"><strong>N\u00f3madas digitales: Madeira entre los 8 mejores lugares del mundo para trabajar<\/strong><\/a>)<\/p>\n<p>En la Regi\u00f3n Aut\u00f3noma de las Azores, Jos\u00e9 Manuel Bolieiro, presidente del Gobierno de las Azores, citado por la agencia Lusa, considera que \u00abel Gobierno regional est\u00e1 a favor de la continuidad de los visados \u200b\u200boro y cualquier cambio en el sentido de recortarlos\u00bb. debe ocuparse espec\u00edficamente de las Azores y del Madeira\u00bb.<\/p>\n<p>El Partido Socialdem\u00f3crata (PSD) llev\u00f3 a la Asamblea de la Rep\u00fablica una recomendaci\u00f3n para que el Gobierno considere un \u201cr\u00e9gimen especial\u201d para la concesi\u00f3n de Permisos de Residencia por Inversi\u00f3n, o Golden Visas, a las regiones aut\u00f3nomas de Madeira y Azores, pero la propuesta se dej\u00f3 caer. El programa \u201cMais Habita\u00e7\u00e3o\u201d que contempla el fin de las visas gold fue aprobado <strong>en general<\/strong>, en sede parlamentaria por los diputados del Partido Socialista, el pasado 19 de mayo. Los restantes partidos votaron en contra o se abstuvieron.<\/p>\n<p>\u201cSi necesitamos inversores de alto rendimiento, por qu\u00e9 no seguir adelante? Por cierto, es necesario recordar que las visas doradas no solo tienen que ver con el tema de la adquisici\u00f3n de viviendas. Tambi\u00e9n tienen que ver con un componente muy importante, que es traer conocimiento cient\u00edfico e innovaci\u00f3n tecnol\u00f3gica a Madeira\u201d, declar\u00f3 Miguel Albuquerque a la agencia lusa.<\/p>\n<p>El Programa Golden Visa Portugal fue creado en octubre de 2012 con el objetivo de atraer extranjeros inversi\u00f3n. En una d\u00e9cada movi\u00f3 unos 7.000 millones de euros y, hasta enero de este a\u00f1o, se emitieron 11.180 Autorizaciones de Residencia por Inversi\u00f3n (hasta diciembre de 2022), seg\u00fan cifras difundidas por el Servicio de Extranjer\u00eda y Fronteras.<\/p>\n","protected":false},"excerpt":{"rendered":"<p>Los gobiernos de las Regiones Aut\u00f3nomas Azores y Madeira defienden la continuidad de gold visas aunque entre en vigor la propuesta del Gobierno portugu\u00e9s.<\/p>\n","protected":false},"author":8,"featured_media":41097,"comment_status":"closed","ping_status":"closed","sticky":false,"template":"","format":"standard","meta":{"_acf_changed":false,"footnotes":""},"categories":[2087],"tags":[],"class_list":["post-41103","post","type-post","status-publish","format-standard","has-post-thumbnail","hentry","category-visas-gold"],"acf":[],"_links":{"self":[{"href":"https:\/\/lamarescapela.pt\/es\/wp-json\/wp\/v2\/posts\/41103","targetHints":{"allow":["GET"]}}],"collection":[{"href":"https:\/\/lamarescapela.pt\/es\/wp-json\/wp\/v2\/posts"}],"about":[{"href":"https:\/\/lamarescapela.pt\/es\/wp-json\/wp\/v2\/types\/post"}],"author":[{"embeddable":true,"href":"https:\/\/lamarescapela.pt\/es\/wp-json\/wp\/v2\/users\/8"}],"replies":[{"embeddable":true,"href":"https:\/\/lamarescapela.pt\/es\/wp-json\/wp\/v2\/comments?post=41103"}],"version-history":[{"count":0,"href":"https:\/\/lamarescapela.pt\/es\/wp-json\/wp\/v2\/posts\/41103\/revisions"}],"wp:featuredmedia":[{"embeddable":true,"href":"https:\/\/lamarescapela.pt\/es\/wp-json\/wp\/v2\/media\/41097"}],"wp:attachment":[{"href":"https:\/\/lamarescapela.pt\/es\/wp-json\/wp\/v2\/media?parent=41103"}],"wp:term":[{"taxonomy":"category","embeddable":true,"href":"https:\/\/lamarescapela.pt\/es\/wp-json\/wp\/v2\/categories?post=41103"},{"taxonomy":"post_tag","embeddable":true,"href":"https:\/\/lamarescapela.pt\/es\/wp-json\/wp\/v2\/tags?post=41103"}],"curies":[{"name":"wp","href":"https:\/\/api.w.org\/{rel}","templated":true}]}}