{"id":41368,"date":"2023-03-10T16:03:30","date_gmt":"2023-03-10T16:03:30","guid":{"rendered":"https:\/\/lamarescapela.pt\/gobierno-anuncia-medidas-finales-del-programa-mais-habitacao-el-30-de-marzo\/"},"modified":"2023-03-10T16:03:30","modified_gmt":"2023-03-10T16:03:30","slug":"gobierno-anuncia-medidas-finales-del-programa-mais-habitacao-el-30-de-marzo","status":"publish","type":"post","link":"https:\/\/lamarescapela.pt\/es\/gobierno-anuncia-medidas-finales-del-programa-mais-habitacao-el-30-de-marzo\/","title":{"rendered":"Gobierno anuncia medidas finales del programa \u201cMais Habita\u00e7\u00e3o\u201d el 30 de marzo"},"content":{"rendered":"<p><em>El Ministerio de Vivienda ampli\u00f3 parte de la consulta p\u00fablica del programa \u201cM\u00e1s Vivienda\u201d hasta el 24 de marzo. El Gobierno ha anunciado que estas medidas ser\u00e1n debatidas y aprobadas por el Consejo de Ministros del pr\u00f3ximo 30 de marzo<\/em><\/p>\n<p>&nbsp;<\/p>\n<p>La fecha inicial prevista para la presentaci\u00f3n de las medidas finales del programa \u201cM\u00e1s Vivienda\u201d, que incluyen la finalizaci\u00f3n del Programa Golden Visa Portugal en su forma actual, era el 16 de marzo, es decir, exactamente un mes despu\u00e9s de la presentaci\u00f3n del Gobierno propuestas. Sin embargo, la consulta p\u00fablica sobre parte de estas medidas se extendi\u00f3 hasta el 24 de marzo.<\/p>\n<p>En un comunicado, el Gobierno portugu\u00e9s anunci\u00f3 que la ampliaci\u00f3n de este plazo, inicialmente previsto hasta el 13 de marzo y ahora prorrogado hasta el d\u00eda 24, se produce a petici\u00f3n de la Asociaci\u00f3n Nacional de Municipios de Portugal &#8211; ANMP. Sin embargo, algunas de las propuestas ya se anunciaron el 16 de marzo, es decir, este paquete se presentar\u00e1 en dos fases: el 16 y el 30 de marzo.<\/p>\n<p>En cuanto <strong>al final del Programa Golden Visa<\/strong>, no se especifica si se anuncia el 16 o si entra en el \u00e1mbito de las medidas finales, el 30 de marzo. Sin embargo, la propuesta de ley del Gobierno portugu\u00e9s es que todas las solicitudes de renovaci\u00f3n que ya se hayan presentado y est\u00e9n a la espera de una decisi\u00f3n sean v\u00e1lidas, pero sus titulares tendr\u00e1n 60 d\u00edas, despu\u00e9s de la entrada en vigor del t\u00edtulo, para presentar prueba de residencia o, alternativamente , alquiler.<\/p>\n<p>En 2022 se concedieron 11.535 permisos de residencia en Portugal, de los cuales 10.593 se produjeron en el \u00e1mbito de la adquisici\u00f3n de inmuebles, cuya inversi\u00f3n total super\u00f3 los 6 millones de euros.<\/p>\n<p><strong>\u00a0<\/strong><\/p>\n<p><strong>Qu\u00e9 se estrena el 16 de marzo?<\/strong><\/p>\n<ul>\n<li>Apoyo a pr\u00e9stamos y alquileres de vivienda (consulta p\u00fablica finaliza el 13 de marzo)<\/li>\n<\/ul>\n<p>&nbsp;<\/p>\n<p><strong>Qu\u00e9 medidas se presentan el 30 de marzo?<\/strong><\/p>\n<ul>\n<li>Propiedades abandonadas<\/li>\n<li>Arrendamiento por el Gobierno<\/li>\n<li>Venta de inmuebles al Estado<\/li>\n<li>Los propietarios que tienen que reubicar a los inquilinos cuando la propiedad est\u00e1 superpoblada<\/li>\n<li>Medidas inherentes al funcionamiento del Alojamiento Local<\/li>\n<li>Nota: la consulta p\u00fablica de estos diplomas finaliza el 24 de marzo<\/li>\n<\/ul>\n<p>&nbsp;<\/p>\n<p>Recuerde que los diplomas ser\u00e1n presentados posteriormente a la Asamblea de la Rep\u00fablica.<\/p>\n<p>&nbsp;<\/p>\n","protected":false},"excerpt":{"rendered":"<p>El Ministerio de Vivienda ampli\u00f3 parte de la consulta p\u00fablica del programa \u201cM\u00e1s Vivienda\u201d hasta el 24 de marzo. El Gobierno ha anunciado que estas medidas ser\u00e1n debatidas y aprobadas por el Consejo de Ministros del pr\u00f3ximo 30 de marzo &nbsp; La fecha inicial prevista para la presentaci\u00f3n de las medidas finales del programa \u201cM\u00e1s [&hellip;]<\/p>\n","protected":false},"author":8,"featured_media":41366,"comment_status":"closed","ping_status":"closed","sticky":false,"template":"","format":"standard","meta":{"_acf_changed":false,"footnotes":""},"categories":[2082,2071,2087],"tags":[],"class_list":["post-41368","post","type-post","status-publish","format-standard","has-post-thumbnail","hentry","category-las-empresas","category-inmuebles","category-visas-gold"],"acf":[],"_links":{"self":[{"href":"https:\/\/lamarescapela.pt\/es\/wp-json\/wp\/v2\/posts\/41368","targetHints":{"allow":["GET"]}}],"collection":[{"href":"https:\/\/lamarescapela.pt\/es\/wp-json\/wp\/v2\/posts"}],"about":[{"href":"https:\/\/lamarescapela.pt\/es\/wp-json\/wp\/v2\/types\/post"}],"author":[{"embeddable":true,"href":"https:\/\/lamarescapela.pt\/es\/wp-json\/wp\/v2\/users\/8"}],"replies":[{"embeddable":true,"href":"https:\/\/lamarescapela.pt\/es\/wp-json\/wp\/v2\/comments?post=41368"}],"version-history":[{"count":0,"href":"https:\/\/lamarescapela.pt\/es\/wp-json\/wp\/v2\/posts\/41368\/revisions"}],"wp:featuredmedia":[{"embeddable":true,"href":"https:\/\/lamarescapela.pt\/es\/wp-json\/wp\/v2\/media\/41366"}],"wp:attachment":[{"href":"https:\/\/lamarescapela.pt\/es\/wp-json\/wp\/v2\/media?parent=41368"}],"wp:term":[{"taxonomy":"category","embeddable":true,"href":"https:\/\/lamarescapela.pt\/es\/wp-json\/wp\/v2\/categories?post=41368"},{"taxonomy":"post_tag","embeddable":true,"href":"https:\/\/lamarescapela.pt\/es\/wp-json\/wp\/v2\/tags?post=41368"}],"curies":[{"name":"wp","href":"https:\/\/api.w.org\/{rel}","templated":true}]}}