{"id":41399,"date":"2023-03-03T16:14:38","date_gmt":"2023-03-03T16:14:38","guid":{"rendered":"https:\/\/lamarescapela.pt\/trabajadores-remotos-que-se-trasladan-al-interior-del-pais-ahora-reciben-subsidios-estatales\/"},"modified":"2023-03-03T16:14:38","modified_gmt":"2023-03-03T16:14:38","slug":"trabajadores-remotos-que-se-trasladan-al-interior-del-pais-ahora-reciben-subsidios-estatales","status":"publish","type":"post","link":"https:\/\/lamarescapela.pt\/es\/trabajadores-remotos-que-se-trasladan-al-interior-del-pais-ahora-reciben-subsidios-estatales\/","title":{"rendered":"Trabajadores remotos que se trasladan al interior del pa\u00eds ahora reciben subsidios estatales"},"content":{"rendered":"<p><em>La medida se aplica a los trabajadores portugueses y extranjeros e independientemente de si la empresa es nacional o internacional, todos los que se instalan en el interior de Portugal tienen derecho a un subsidio del gobierno<\/em><\/p>\n<p>&nbsp;<\/p>\n<p>&nbsp;<\/p>\n<p>De acuerdo con la Ordenanza N\u00b0 63\/2023, de 2 de marzo, que define la medida Empleo Dentro del MAIS &#8211; Movilidad Apoyada para un Interior Sustentable, se cre\u00f3 un subsidio para todos los trabajadores remotos que se instalen en el interior del pa\u00eds, que tambi\u00e9n cubre a los n\u00f3madas digitales y es v\u00e1lido para todos los contratos existentes por 6 meses.<\/p>\n<p>En t\u00e9rminos generales, los ciudadanos portugueses y extranjeros que desarrollan su actividad a distancia, para empresas portuguesas o internacionales o incluso (remotos) trabajadores independientes y becarios, pueden recibir este subsidio, siempre que se establezcan en lugares ubicados en el interior del pa\u00eds.<\/p>\n<p><strong>\u00a0<\/strong><\/p>\n<p><strong>Qui\u00e9n tiene derecho a este apoyo?<\/strong><\/p>\n<ul>\n<li>Trabajadores que firman contratos de trabajo o crean su propio puesto de trabajo o empresa, cuyo lugar de trabajo se encuentra en el campo. En estos casos, el apoyo tambi\u00e9n se concede en situaciones de actividad existente siempre que el trabajador se desplace al interior de Portugal.<\/li>\n<\/ul>\n<p>&nbsp;<\/p>\n<ul>\n<li>Trabajadores subordinados y profesionales independientes que desarrollen una actividad profesional, prestada a distancia, a distancia y en el medio rural.<\/li>\n<\/ul>\n<p>&nbsp;<\/p>\n<p>&nbsp;<\/p>\n<p><strong>Los trabajadores extranjeros<\/strong><\/p>\n<p>Este apoyo, que se traduce en apoyo econ\u00f3mico, se aplica tambi\u00e9n a situaciones de movilidad entre territorios del interior para:<\/p>\n<p>Ciudadanos nacionales de pa\u00edses de la Uni\u00f3n Europea, Suiza, el Espacio Econ\u00f3mico Europeo y otros pa\u00edses, siempre que se cumplan los requisitos legales de entrada y estancia en territorio portugu\u00e9s, es decir, siempre que dispongan de permiso\/visado de residencia.<\/p>\n<p><strong>\u00a0<\/strong><\/p>\n<p><strong>Cu\u00e1l es la fecha l\u00edmite para solicitar este apoyo?<\/strong><\/p>\n<p>La legislaci\u00f3n que entr\u00f3 en vigor especifica que estas solicitudes deben realizarse dentro de los 180 d\u00edas consecutivos antes o despu\u00e9s del inicio de un contrato de trabajo o actividad independiente (creaci\u00f3n de su propio trabajo)<\/p>\n<p>&nbsp;<\/p>\n<p><strong>Cu\u00e1les son los montos de los subsidios?<\/strong><\/p>\n<p>1 &#8211; 3362,01 \u20ac &#8211; representa 7 veces el valor del \u00edndice de apoyo social (IAS) que en 2023 es de 480,43 \u20ac &#8211; en los casos en que se trate de contratos de trabajo por tiempo indefinido, creaci\u00f3n de empresa o creaci\u00f3n de empleo propio . El trabajador tambi\u00e9n cuenta con 1,5 IAS (720,65 \u20ac) en apoyo de los gastos de transporte y bienes para la nueva residencia. Tambi\u00e9n existe otro tipo de financiaci\u00f3n o subvenci\u00f3n prevista en estas situaciones, que est\u00e1 relacionada con un aumento del 20% de la ayuda para cada miembro del hogar que acompa\u00f1a al trabajador.<\/p>\n<p>2 &#8211; 2.401,15 \u20ac &#8211; representa 5 veces el valor del IAS &#8211; en los casos de contratos de trabajo de duraci\u00f3n determinada, con una duraci\u00f3n igual o superior a 12 meses.<\/p>\n<p>&nbsp;<\/p>\n<p><strong>C\u00f3mo se procesan las solicitudes?<\/strong><\/p>\n<p>El proceso de solicitud de este apoyo se realiza exclusivamente en l\u00ednea a trav\u00e9s del portal del Instituto de Empleo y Formaci\u00f3n Profesional \u2013 IEFP: <\/p>\n<p>&nbsp;<\/p>\n<p>&nbsp;<\/p>\n","protected":false},"excerpt":{"rendered":"<p>La medida se aplica a los trabajadores portugueses y extranjeros e independientemente de si la empresa es nacional o internacional, todos los que se instalan en el interior de Portugal tienen derecho a un subsidio del gobierno &nbsp; &nbsp; De acuerdo con la Ordenanza N\u00b0 63\/2023, de 2 de marzo, que define la medida Empleo [&hellip;]<\/p>\n","protected":false},"author":8,"featured_media":41388,"comment_status":"closed","ping_status":"closed","sticky":false,"template":"","format":"standard","meta":{"_acf_changed":false,"footnotes":""},"categories":[2085,2086,2087],"tags":[],"class_list":["post-41399","post","type-post","status-publish","format-standard","has-post-thumbnail","hentry","category-residente-no-habitual","category-visados-y-permisos-de-residencia","category-visas-gold"],"acf":[],"_links":{"self":[{"href":"https:\/\/lamarescapela.pt\/es\/wp-json\/wp\/v2\/posts\/41399","targetHints":{"allow":["GET"]}}],"collection":[{"href":"https:\/\/lamarescapela.pt\/es\/wp-json\/wp\/v2\/posts"}],"about":[{"href":"https:\/\/lamarescapela.pt\/es\/wp-json\/wp\/v2\/types\/post"}],"author":[{"embeddable":true,"href":"https:\/\/lamarescapela.pt\/es\/wp-json\/wp\/v2\/users\/8"}],"replies":[{"embeddable":true,"href":"https:\/\/lamarescapela.pt\/es\/wp-json\/wp\/v2\/comments?post=41399"}],"version-history":[{"count":0,"href":"https:\/\/lamarescapela.pt\/es\/wp-json\/wp\/v2\/posts\/41399\/revisions"}],"wp:featuredmedia":[{"embeddable":true,"href":"https:\/\/lamarescapela.pt\/es\/wp-json\/wp\/v2\/media\/41388"}],"wp:attachment":[{"href":"https:\/\/lamarescapela.pt\/es\/wp-json\/wp\/v2\/media?parent=41399"}],"wp:term":[{"taxonomy":"category","embeddable":true,"href":"https:\/\/lamarescapela.pt\/es\/wp-json\/wp\/v2\/categories?post=41399"},{"taxonomy":"post_tag","embeddable":true,"href":"https:\/\/lamarescapela.pt\/es\/wp-json\/wp\/v2\/tags?post=41399"}],"curies":[{"name":"wp","href":"https:\/\/api.w.org\/{rel}","templated":true}]}}