{"id":42125,"date":"2023-01-15T13:28:08","date_gmt":"2023-01-15T13:28:08","guid":{"rendered":"https:\/\/lamarescapela.pt\/articulo-de-opinion-golden-visa-ha-fracasado-el-gobierno\/"},"modified":"2023-01-15T13:28:08","modified_gmt":"2023-01-15T13:28:08","slug":"articulo-de-opinion-golden-visa-ha-fracasado-el-gobierno","status":"publish","type":"post","link":"https:\/\/lamarescapela.pt\/es\/articulo-de-opinion-golden-visa-ha-fracasado-el-gobierno\/","title":{"rendered":"Art\u00edculo de opini\u00f3n | Golden Visa: \u00bfHa fracasado el Gobierno?"},"content":{"rendered":"<p>Creado a finales de 2012, el Programa Golden Visa Portugal contemplaba la inversi\u00f3n extranjera para la creaci\u00f3n de empresas y, en consecuencia, de puestos de trabajo. Despu\u00e9s de una d\u00e9cada, los datos muestran que esta medida no ha impulsado la econom\u00eda del pa\u00eds ni ha reducido la tasa de desempleo.<\/p>\n<p>Diogo Capela, socio de Lamares, Capela &amp; Associados considera que \u00absi para los portugueses es dif\u00edcil mantener sus empresas en actividad durante varios a\u00f1os, para un inversor de otra nacionalidad que ha creado una empresa con el fin de obtener la Golden Visa, el nivel de dificultad aumenta. Adem\u00e1s de la excesiva presi\u00f3n fiscal, se enfrentan a dificultades como, por ejemplo, el acceso al cr\u00e9dito, las barreras ling\u00fc\u00edsticas, el interminable proceso burocr\u00e1tico en la tramitaci\u00f3n de licencias o las limitaciones de una legislaci\u00f3n laboral excesivamente proteccionista en relaci\u00f3n con los trabajadores\u00bb.<\/p>\n<p>Lea la opini\u00f3n de Diogo Capela sobre este tema, publicada el 12 de enero en el diario <a href=\"https:\/\/observador.pt\/opiniao\/vistos-gold-o-governo-falhou\/\" rel=\"noopener\">Observador.<\/a><\/p>\n","protected":false},"excerpt":{"rendered":"<p>Creado a finales de 2012, el Programa Golden Visa Portugal contemplaba la inversi\u00f3n extranjera para la creaci\u00f3n de empresas y, en consecuencia, de puestos de trabajo. Despu\u00e9s de una d\u00e9cada, los datos muestran que esta medida no ha impulsado la econom\u00eda del pa\u00eds ni ha reducido la tasa de desempleo. Diogo Capela, socio de Lamares, [&hellip;]<\/p>\n","protected":false},"author":8,"featured_media":41695,"comment_status":"closed","ping_status":"closed","sticky":false,"template":"","format":"standard","meta":{"_acf_changed":false,"footnotes":""},"categories":[2085,2087],"tags":[],"class_list":["post-42125","post","type-post","status-publish","format-standard","has-post-thumbnail","hentry","category-residente-no-habitual","category-visas-gold"],"acf":[],"_links":{"self":[{"href":"https:\/\/lamarescapela.pt\/es\/wp-json\/wp\/v2\/posts\/42125","targetHints":{"allow":["GET"]}}],"collection":[{"href":"https:\/\/lamarescapela.pt\/es\/wp-json\/wp\/v2\/posts"}],"about":[{"href":"https:\/\/lamarescapela.pt\/es\/wp-json\/wp\/v2\/types\/post"}],"author":[{"embeddable":true,"href":"https:\/\/lamarescapela.pt\/es\/wp-json\/wp\/v2\/users\/8"}],"replies":[{"embeddable":true,"href":"https:\/\/lamarescapela.pt\/es\/wp-json\/wp\/v2\/comments?post=42125"}],"version-history":[{"count":0,"href":"https:\/\/lamarescapela.pt\/es\/wp-json\/wp\/v2\/posts\/42125\/revisions"}],"wp:featuredmedia":[{"embeddable":true,"href":"https:\/\/lamarescapela.pt\/es\/wp-json\/wp\/v2\/media\/41695"}],"wp:attachment":[{"href":"https:\/\/lamarescapela.pt\/es\/wp-json\/wp\/v2\/media?parent=42125"}],"wp:term":[{"taxonomy":"category","embeddable":true,"href":"https:\/\/lamarescapela.pt\/es\/wp-json\/wp\/v2\/categories?post=42125"},{"taxonomy":"post_tag","embeddable":true,"href":"https:\/\/lamarescapela.pt\/es\/wp-json\/wp\/v2\/tags?post=42125"}],"curies":[{"name":"wp","href":"https:\/\/api.w.org\/{rel}","templated":true}]}}