{"id":43300,"date":"2021-12-27T16:56:09","date_gmt":"2021-12-27T16:56:09","guid":{"rendered":"https:\/\/lamarescapela.pt\/laca-en-una-entrevista-para-la-revista-valor-magazine\/"},"modified":"2023-08-31T10:55:06","modified_gmt":"2023-08-31T10:55:06","slug":"laca-en-una-entrevista-para-la-revista-valor-magazine","status":"publish","type":"post","link":"https:\/\/lamarescapela.pt\/es\/laca-en-una-entrevista-para-la-revista-valor-magazine\/","title":{"rendered":"LACA en una entrevista para la revista Valor Magazine"},"content":{"rendered":"<p>Lamares, Capela &amp; Associados (LACA) fue invitada por la revista \u00abValor Magazine\u00bb para una entrevista sobre el impacto de la pandemia en los inversores extranjeros y cu\u00e1les son las perspectivas para 2022, as\u00ed como la metodolog\u00eda aplicada por el equipo en la relaci\u00f3n con el cliente y la importancia del premio al <strong><a href=\"https:\/\/lamarescapela.pt\/es\/conocimiento\/las-empresas\/mejor-abogado-de-inmigracion-diogo-capela\/\" target=\"_blank\" rel=\"noopener\">Mejor Abogado de Inmigraci\u00f3n<\/a><\/strong> otorgado al socio Diogo Capela en octubre de este a\u00f1o.<\/p>\n<p>Para LACA, algunos de los objetivos para 2022 son la continuidad de la integraci\u00f3n de profesionales de calidad; el <strong>fortalecimiento de las \u00e1reas Corporativa<\/strong>, I<strong>nmobiliaria y Tributaria<\/strong>; la <strong>expansi\u00f3n a otras regiones del pa\u00eds<\/strong>; la <strong>intensificaci\u00f3n de las parcerias en el exterior<\/strong> y la continuidad de la inversi\u00f3n en capacitaci\u00f3n y herramientas inform\u00e1ticas que contribuyan a un servicio de calidad y mejoren la prestaci\u00f3n de los servicios jur\u00eddicos.<\/p>\n<p>Vea <a href=\"https:\/\/www.valormagazine.pt\/advocacia-pratica-e-proxima-do-cliente\/\" target=\"_blank\" rel=\"noopener\">aqu\u00ed<\/a> el art\u00edculo publicado en la edici\u00f3n de la revista \u00abRetomar Portugal\u00bb.<\/p>\n","protected":false},"excerpt":{"rendered":"<p>Lamares, Capela &#038; Associados (LACA) fue invitada por la revista \u00abValor Magazine\u00bb para una entrevista sobre el impacto de la pandemia en los inversores extranjeros y cu\u00e1les son las perspectivas para 2022, as\u00ed como la metodolog\u00eda aplicada por el equipo en la relaci\u00f3n con el cliente y la importancia del premio al Mejor Abogado de Inmigraci\u00f3n otorgado al socio Diogo Capela en octubre de este a\u00f1o.<\/p>\n","protected":false},"author":8,"featured_media":7102,"comment_status":"closed","ping_status":"closed","sticky":false,"template":"","format":"standard","meta":{"_acf_changed":false,"footnotes":""},"categories":[2082,2071,2087],"tags":[],"class_list":["post-43300","post","type-post","status-publish","format-standard","has-post-thumbnail","hentry","category-las-empresas","category-inmuebles","category-visas-gold"],"acf":[],"_links":{"self":[{"href":"https:\/\/lamarescapela.pt\/es\/wp-json\/wp\/v2\/posts\/43300","targetHints":{"allow":["GET"]}}],"collection":[{"href":"https:\/\/lamarescapela.pt\/es\/wp-json\/wp\/v2\/posts"}],"about":[{"href":"https:\/\/lamarescapela.pt\/es\/wp-json\/wp\/v2\/types\/post"}],"author":[{"embeddable":true,"href":"https:\/\/lamarescapela.pt\/es\/wp-json\/wp\/v2\/users\/8"}],"replies":[{"embeddable":true,"href":"https:\/\/lamarescapela.pt\/es\/wp-json\/wp\/v2\/comments?post=43300"}],"version-history":[{"count":0,"href":"https:\/\/lamarescapela.pt\/es\/wp-json\/wp\/v2\/posts\/43300\/revisions"}],"wp:featuredmedia":[{"embeddable":true,"href":"https:\/\/lamarescapela.pt\/es\/wp-json\/wp\/v2\/media\/7102"}],"wp:attachment":[{"href":"https:\/\/lamarescapela.pt\/es\/wp-json\/wp\/v2\/media?parent=43300"}],"wp:term":[{"taxonomy":"category","embeddable":true,"href":"https:\/\/lamarescapela.pt\/es\/wp-json\/wp\/v2\/categories?post=43300"},{"taxonomy":"post_tag","embeddable":true,"href":"https:\/\/lamarescapela.pt\/es\/wp-json\/wp\/v2\/tags?post=43300"}],"curies":[{"name":"wp","href":"https:\/\/api.w.org\/{rel}","templated":true}]}}