{"id":43307,"date":"2021-10-01T17:07:23","date_gmt":"2021-10-01T17:07:23","guid":{"rendered":"https:\/\/lamarescapela.pt\/puertas-abiertas-para-la-renovacion-y-recogida-del-cc-y-pasaportes\/"},"modified":"2023-09-08T14:57:06","modified_gmt":"2023-09-08T14:57:06","slug":"puertas-abiertas-para-la-renovacion-y-recogida-del-cc-y-pasaportes","status":"publish","type":"post","link":"https:\/\/lamarescapela.pt\/es\/puertas-abiertas-para-la-renovacion-y-recogida-del-cc-y-pasaportes\/","title":{"rendered":"Puertas abiertas para la renovaci\u00f3n y recogida del CC y pasaportes"},"content":{"rendered":"<p>Los ciudadanos que necesiten renovar o recoger su Tarjeta Ciudadana o Pasaporte Portugu\u00e9s podr\u00e1n hacerlo los pr\u00f3ximos ocho s\u00e1bados, entre el 2 de octubre y el 20 de noviembre, en horario ampliado y en la modalidad de \u00abpuerta abierta\u00bb.<\/p>\n<p>La iniciativa abarca nueve tiendas de Tarjeta Ciudadana en todo el pa\u00eds y algunas ventanillas del IRN (Instituto de Registro y Notariado).<\/p>\n<p>La atenci\u00f3n presencial para las <strong>renovaciones<\/strong> se realizar\u00e1 mediante entradas digitales, a trav\u00e9s del site <a href=\"https:\/\/mapa.eportugal.gov.pt\/#\/index\" target=\"_blank\" rel=\"noopener\">Mapa do Cidad\u00e3o<\/a> o en el local. Las entradas para la <strong>recogida<\/strong> de documentos s\u00f3lo se facilitar\u00e1n en el local.<\/p>\n<h5>Las tiendas que abren a partir del 2 de octubre y con un horario ampliado entre las 9 y las 22 horas:<\/h5>\n<p>Laranjeiras, Saldanha, Marvila y Odivelas, Oporto y Vila Nova de Gaia, Coimbra, Braga y Faro<\/p>\n<h5>Contadores de servicio IRN:<\/h5>\n<p>Campus de la Justicia, Parque das Na\u00e7\u00f5es<\/p>\n<p>&nbsp;<\/p>\n<p>A pesar de que la iniciativa estar\u00e1 en vigor durante los pr\u00f3ximos ocho s\u00e1bados, seguir\u00e1 siendo posible renovar y recoger los documentos durante la semana, en los lugares y horarios habituales con cita previa.<\/p>\n<p><strong>\u00bfQuiere saber si tiene derecho a un pasaporte portugu\u00e9s? Consulte <a href=\"https:\/\/lamarescapela.pt\/es\/conocimiento\/nacionalidad-portuguesa\/todos-los-pasos-para-obtener-el-pasaporte-portugues\/\" target=\"_blank\" rel=\"noopener\">aqu\u00ed<\/a> todos los pasos necesarios para la obtenci\u00f3n del pasaporte.<\/strong><\/p>\n","protected":false},"excerpt":{"rendered":"<p>Los ciudadanos que necesiten renovar o recoger su Tarjeta Ciudadana o Pasaporte Portugu\u00e9s podr\u00e1n hacerlo los pr\u00f3ximos ocho s\u00e1bados, entre el 2 de octubre y el 20 de noviembre, en horario ampliado y en la modalidad de \u00abpuerta abierta\u00bb. La iniciativa abarca nueve tiendas de Tarjeta Ciudadana en todo el pa\u00eds y algunas ventanillas del [&hellip;]<\/p>\n","protected":false},"author":8,"featured_media":6740,"comment_status":"closed","ping_status":"closed","sticky":false,"template":"","format":"standard","meta":{"_acf_changed":false,"footnotes":""},"categories":[2084],"tags":[],"class_list":["post-43307","post","type-post","status-publish","format-standard","has-post-thumbnail","hentry","category-nacionalidad-portuguesa"],"acf":[],"_links":{"self":[{"href":"https:\/\/lamarescapela.pt\/es\/wp-json\/wp\/v2\/posts\/43307","targetHints":{"allow":["GET"]}}],"collection":[{"href":"https:\/\/lamarescapela.pt\/es\/wp-json\/wp\/v2\/posts"}],"about":[{"href":"https:\/\/lamarescapela.pt\/es\/wp-json\/wp\/v2\/types\/post"}],"author":[{"embeddable":true,"href":"https:\/\/lamarescapela.pt\/es\/wp-json\/wp\/v2\/users\/8"}],"replies":[{"embeddable":true,"href":"https:\/\/lamarescapela.pt\/es\/wp-json\/wp\/v2\/comments?post=43307"}],"version-history":[{"count":0,"href":"https:\/\/lamarescapela.pt\/es\/wp-json\/wp\/v2\/posts\/43307\/revisions"}],"wp:featuredmedia":[{"embeddable":true,"href":"https:\/\/lamarescapela.pt\/es\/wp-json\/wp\/v2\/media\/6740"}],"wp:attachment":[{"href":"https:\/\/lamarescapela.pt\/es\/wp-json\/wp\/v2\/media?parent=43307"}],"wp:term":[{"taxonomy":"category","embeddable":true,"href":"https:\/\/lamarescapela.pt\/es\/wp-json\/wp\/v2\/categories?post=43307"},{"taxonomy":"post_tag","embeddable":true,"href":"https:\/\/lamarescapela.pt\/es\/wp-json\/wp\/v2\/tags?post=43307"}],"curies":[{"name":"wp","href":"https:\/\/api.w.org\/{rel}","templated":true}]}}