{"id":43326,"date":"2021-06-30T16:27:12","date_gmt":"2021-06-30T16:27:12","guid":{"rendered":"https:\/\/lamarescapela.pt\/pasajeros-del-reino-unido-sujetos-a-cuarentena-para-entrar-en-portugal\/"},"modified":"2023-08-31T11:05:14","modified_gmt":"2023-08-31T11:05:14","slug":"pasajeros-del-reino-unido-sujetos-a-cuarentena-para-entrar-en-portugal","status":"publish","type":"post","link":"https:\/\/lamarescapela.pt\/es\/conocimiento\/nacionalidad-portuguesa\/pasajeros-del-reino-unido-sujetos-a-cuarentena-para-entrar-en-portugal\/","title":{"rendered":"Pasajeros del Reino Unido sujetos a cuarentena para entrar en Portugal"},"content":{"rendered":"<p>El <strong><a href=\"https:\/\/dre.pt\/home\/-\/dre\/165866010\/details\/maximized?serie=II&amp;dreId=165866008\" target=\"_blank\" rel=\"noopener\">Despacho no 6326-A\/2021<\/a><\/strong> establece las nuevas normas de tr\u00e1fico a\u00e9reo en vigor desde el 28 de junio hasta el 11 de julio de 2021.<\/p>\n<p>Los pasajeros del <strong>Reino Unido<\/strong> est\u00e1n ahora sujetos a aislamiento profil\u00e1ctico de 14 d\u00edas despu\u00e9s de su entrada en Portugal continental.<\/p>\n<p>No obstante, est\u00e1n <strong>exentos de cuarentena los pasajeros procedentes del \u00a0Reino Unido<\/strong> \u00abcon prueba de vacunaci\u00f3n realizada en ese pa\u00eds, y que acredite el esquema de vacunaci\u00f3n completo del respectivo titular, hace al menos 14 d\u00edas, con una vacuna contra el Covid-19 con autorizaci\u00f3n de comercializaci\u00f3n\u00bb.<\/p>\n<p>El aislamiento profil\u00e1ctico sigue siendo obligatorio para los pasajeros de <strong>Sud\u00e1frica, Brasil, India y Nepal<\/strong>.<\/p>\n<p>Se autoriza el tr\u00e1fico a\u00e9reo con y desde Portugal continental para:<\/p>\n<ul>\n<li>Vuelos desde y hacia Portugal y desde y hacia pa\u00edses de la <strong>Uni\u00f3n Europea y el espacio Schengen<\/strong> (Liechtenstein, Noruega, Islandia y Suiza) hacia y desde el Reino Unido, as\u00ed como hacia y desde los Estados Unidos de Am\u00e9rica;<\/li>\n<li>Vuelos desde y hacia Albania, Australia, Corea del Sur, Israel, Jap\u00f3n, L\u00edbano, Nueva Zelanda, Ruanda, Singapur, Tailandia, Rep\u00fablica de Macedonia del Norte, Rep\u00fablica Popular China, Serbia, Taiw\u00e1n, Hong Kong y Macao, sujeto a confirmaci\u00f3n de reciprocidad;<\/li>\n<li>Vuelos desde y hacia Portugal y desde y hacia pa\u00edses fuera de la Uni\u00f3n Europea o no asociados con el espacio Schengen, exclusivamente para <strong>viajes esenciales<\/strong> (por ejemplo, viajes profesionales, de estudio, de reuni\u00f3n familiar, por motivos de salud o humanitarios);<\/li>\n<\/ul>\n<p>Sigue siendo obligatorio presentar la prueba negativa para el Covid-19, siendo aceptado:<\/p>\n<ul>\n<li><strong>Prueba de laboratorio TAAN<\/strong> con resultado negativo realizada en las 72h previas al embarque; o<\/li>\n<li><strong>Prueba r\u00e1pida de ant\u00edgenos (TRAg)<\/strong> realizada 24 horas antes del env\u00edo.<\/li>\n<\/ul>\n<p>La presentaci\u00f3n del <a href=\"https:\/\/lamarescapela.pt\/es\/conocimiento\/nacionalidad-portuguesa\/el-parlamento-europeo-aprueba-el-certificado-digital-covid-19\/\" target=\"_blank\" rel=\"noopener\"><strong>Certificado Digital Covid-19<\/strong><\/a> de la Uni\u00f3n Europea no requiere pruebas para la infecci\u00f3n por SARS-COV-2, as\u00ed como el cumplimiento del aislamiento profil\u00e1ctico, por motivos de viaje.<\/p>\n","protected":false},"excerpt":{"rendered":"<p>El Despacho no 6326-A\/2021 establece las nuevas normas de tr\u00e1fico a\u00e9reo en vigor desde el 28 de junio hasta el 11 de julio de 2021. Los pasajeros del Reino Unido est\u00e1n ahora sujetos a aislamiento profil\u00e1ctico de 14 d\u00edas despu\u00e9s de su entrada en Portugal continental.<\/p>\n","protected":false},"author":8,"featured_media":6260,"comment_status":"closed","ping_status":"closed","sticky":false,"template":"","format":"standard","meta":{"_acf_changed":false,"footnotes":""},"categories":[2084,2086],"tags":[],"class_list":["post-43326","post","type-post","status-publish","format-standard","has-post-thumbnail","hentry","category-nacionalidad-portuguesa","category-visados-y-permisos-de-residencia"],"acf":[],"_links":{"self":[{"href":"https:\/\/lamarescapela.pt\/es\/wp-json\/wp\/v2\/posts\/43326","targetHints":{"allow":["GET"]}}],"collection":[{"href":"https:\/\/lamarescapela.pt\/es\/wp-json\/wp\/v2\/posts"}],"about":[{"href":"https:\/\/lamarescapela.pt\/es\/wp-json\/wp\/v2\/types\/post"}],"author":[{"embeddable":true,"href":"https:\/\/lamarescapela.pt\/es\/wp-json\/wp\/v2\/users\/8"}],"replies":[{"embeddable":true,"href":"https:\/\/lamarescapela.pt\/es\/wp-json\/wp\/v2\/comments?post=43326"}],"version-history":[{"count":0,"href":"https:\/\/lamarescapela.pt\/es\/wp-json\/wp\/v2\/posts\/43326\/revisions"}],"wp:featuredmedia":[{"embeddable":true,"href":"https:\/\/lamarescapela.pt\/es\/wp-json\/wp\/v2\/media\/6260"}],"wp:attachment":[{"href":"https:\/\/lamarescapela.pt\/es\/wp-json\/wp\/v2\/media?parent=43326"}],"wp:term":[{"taxonomy":"category","embeddable":true,"href":"https:\/\/lamarescapela.pt\/es\/wp-json\/wp\/v2\/categories?post=43326"},{"taxonomy":"post_tag","embeddable":true,"href":"https:\/\/lamarescapela.pt\/es\/wp-json\/wp\/v2\/tags?post=43326"}],"curies":[{"name":"wp","href":"https:\/\/api.w.org\/{rel}","templated":true}]}}