{"id":43474,"date":"2020-05-18T09:49:35","date_gmt":"2020-05-18T09:49:35","guid":{"rendered":"https:\/\/lamarescapela.pt\/e-residency-y-modernizacion-digital-en-portugal\/"},"modified":"2023-08-31T11:25:50","modified_gmt":"2023-08-31T11:25:50","slug":"e-residency-y-modernizacion-digital-en-portugal","status":"publish","type":"post","link":"https:\/\/lamarescapela.pt\/es\/conocimiento\/las-empresas\/e-residency-y-modernizacion-digital-en-portugal\/","title":{"rendered":"E-Residency y Modernizaci\u00f3n Digital en Portugal"},"content":{"rendered":"<h3><strong>Modernizaci\u00f3n digital<\/strong><\/h3>\n<p>El Gobierno portugu\u00e9s tiene como prioridad la modernizaci\u00f3n y digitalizaci\u00f3n. De esta manera, y con el mundo pasando por una fase de transici\u00f3n digital, Portugal considera esto como una poderosa herramienta para lograr la neutralidad del carbono a largo plazo (en l\u00ednea con las directrices del Pacto Ecol\u00f3gico Europeo y el desaf\u00edo estrat\u00e9gico del gobierno sobre el cambio clim\u00e1tico).<\/p>\n<p>El objetivo es poner Portugal en la vanguardia de los pa\u00edses mejor preparados para hacer frente a los desaf\u00edos y cambios de la transici\u00f3n global.<\/p>\n<p>As\u00ed, el Gobierno ha adoptado medidas para garantizar una mayor igualdad e inclusi\u00f3n de los ciudadanos, aumentando la competitividad de la econom\u00eda y atrayendo inversi\u00f3n nacional y extranjera, as\u00ed como creando valor en el tejido empresarial.<\/p>\n<p>&nbsp;<\/p>\n<h3><strong>E-Residency<\/strong><\/h3>\n<p>Una de las medidas adoptadas en el \u00e1mbito de esta acci\u00f3n gubernamental es la preparaci\u00f3n del programa de E-Residency. Esta medida tiene como objetivo crear el concepto de \u00abidentidad digital\u00bb, permitiendo a nacionales o extranjeros utilizar los servicios p\u00fablicos portugueses en l\u00ednea.<\/p>\n<p>Se espera que el programa portugu\u00e9s de residencia electr\u00f3nica se lance a nivel mundial durante la edici\u00f3n de 2020 de la Web Summit, y contribuye significativamente a la estimulaci\u00f3n de emprendedores en Portugal promoviendo la construcci\u00f3n de puentes comerciales en Europa, permitiendo as\u00ed a tantas personas crear una residencia virtual en Portugal<\/p>\n<p>La creaci\u00f3n de la residencia electr\u00f3nica responde a las necesidades de un nuevo tipo de p\u00fablico: <a href=\"https:\/\/lamarescapela.pt\/es\/conocimiento\/visados-y-permisos-de-residencia\/nomadas-digitales\/\" target=\"_blank\" rel=\"noopener\"><strong>n\u00f3madas digitales,<\/strong><\/a> que pueden desarrollar su actividad econ\u00f3mica, de forma legal y transparente, desde cualquier parte del mundo.<\/p>\n<p>La adopci\u00f3n de esta medida tambi\u00e9n minimiza los costos y las ineficiencias administrativas, destacando a Portugal como un pa\u00eds digitalmente avanzado a nivel internacional.<\/p>\n<p>Se crear\u00e1 un grupo de trabajo cuyo objetivo es desarrollar la mejor propuesta tecnol\u00f3gica y funcional. Se tendr\u00e1n en cuenta ejemplos internacionales (como la Estonia, caso de \u00e9xito en la aplicaci\u00f3n de la residencia electr\u00f3nica).<\/p>\n<p>&nbsp;<\/p>\n<h3><strong>E-Residency en otros pa\u00edses<\/strong><\/h3>\n<p>Estonia es el primer pa\u00eds que ofrece la posibilidad de crear una residencia virtual, y permite a n\u00f3madas digitales, aut\u00f3nomos, startups y emprendedores digitales tener acceso a este programa.<\/p>\n<p>Las bases de la residencia virtual en Estonia son las mismas que las que tendr\u00e1 el programa portugu\u00e9s: la posibilidad de trabajar desde cualquier parte del mundo, tener una oficina online y acceso remoto a los servicios p\u00fablicos y administrativos del Estado en el que se establece la residencia electr\u00f3nica.<\/p>\n<p>Este programa garantiza varias ventajas, tales como:<\/p>\n<ul>\n<li>La posibilidad de tener una empresa con sede en un pa\u00eds de la Uni\u00f3n Europea<\/li>\n<li>La capacidad de dirigir un negocio 100% remotamente<\/li>\n<li>La posibilidad de mudarse de un pa\u00eds sin tener que cambiar la sede de la empresa tambi\u00e9n<\/li>\n<li>La capacidad de firmar, autenticar y enviar documentos de una manera absolutamente digital y segura<\/li>\n<li>La creaci\u00f3n de una valiosa red de contactos, con personas que se encuentran en la misma situaci\u00f3n, y que pueden expandirse por todo el mundo<\/li>\n<\/ul>\n","protected":false},"excerpt":{"rendered":"<p>El Gobierno portugu\u00e9s tiene como prioridad la modernizaci\u00f3n y digitalizaci\u00f3n. De esta manera, y con el mundo pasando por una fase de transici\u00f3n digital, Portugal considera esto como una poderosa herramienta para lograr la neutralidad del carbono a largo plazo (en l\u00ednea con las directrices del Pacto Ecol\u00f3gico Europeo y el desaf\u00edo estrat\u00e9gico del gobierno sobre el cambio clim\u00e1tico).<\/p>\n","protected":false},"author":8,"featured_media":3682,"comment_status":"closed","ping_status":"closed","sticky":false,"template":"","format":"standard","meta":{"_acf_changed":false,"footnotes":""},"categories":[2082],"tags":[],"class_list":["post-43474","post","type-post","status-publish","format-standard","has-post-thumbnail","hentry","category-las-empresas"],"acf":[],"_links":{"self":[{"href":"https:\/\/lamarescapela.pt\/es\/wp-json\/wp\/v2\/posts\/43474","targetHints":{"allow":["GET"]}}],"collection":[{"href":"https:\/\/lamarescapela.pt\/es\/wp-json\/wp\/v2\/posts"}],"about":[{"href":"https:\/\/lamarescapela.pt\/es\/wp-json\/wp\/v2\/types\/post"}],"author":[{"embeddable":true,"href":"https:\/\/lamarescapela.pt\/es\/wp-json\/wp\/v2\/users\/8"}],"replies":[{"embeddable":true,"href":"https:\/\/lamarescapela.pt\/es\/wp-json\/wp\/v2\/comments?post=43474"}],"version-history":[{"count":0,"href":"https:\/\/lamarescapela.pt\/es\/wp-json\/wp\/v2\/posts\/43474\/revisions"}],"wp:featuredmedia":[{"embeddable":true,"href":"https:\/\/lamarescapela.pt\/es\/wp-json\/wp\/v2\/media\/3682"}],"wp:attachment":[{"href":"https:\/\/lamarescapela.pt\/es\/wp-json\/wp\/v2\/media?parent=43474"}],"wp:term":[{"taxonomy":"category","embeddable":true,"href":"https:\/\/lamarescapela.pt\/es\/wp-json\/wp\/v2\/categories?post=43474"},{"taxonomy":"post_tag","embeddable":true,"href":"https:\/\/lamarescapela.pt\/es\/wp-json\/wp\/v2\/tags?post=43474"}],"curies":[{"name":"wp","href":"https:\/\/api.w.org\/{rel}","templated":true}]}}