{"id":59831,"date":"2024-06-27T16:59:34","date_gmt":"2024-06-27T16:59:34","guid":{"rendered":"https:\/\/lamarescapela.pt\/?p=59831"},"modified":"2024-06-27T17:07:29","modified_gmt":"2024-06-27T17:07:29","slug":"documentos-de-inmigracion-validos-hasta-2025-y-nueva-estructura-de-mision-aima","status":"publish","type":"post","link":"https:\/\/lamarescapela.pt\/es\/documentos-de-inmigracion-validos-hasta-2025-y-nueva-estructura-de-mision-aima\/","title":{"rendered":"Documentos de Inmigraci\u00f3n V\u00e1lidos Hasta 2025 y Nueva Estructura de Misi\u00f3n AIMA"},"content":{"rendered":"<p>El Gobierno acaba de extender la <strong>validez de los documentos de Inmigraci\u00f3n hasta finales de junio de 2025<\/strong>, ya que no es posible realizar los cambios necesarios a tiempo, los cuales requieren aprobaci\u00f3n a nivel europeo.<\/p>\n<p>As\u00ed, documentos como<strong> visas de trabajo, permisos de residencia o visas de movilidad tienen su validez extendida por un a\u00f1o m\u00e1s<\/strong>, lo que alivia la carga de trabajo de AIMA, que ya acumula m\u00e1s de 410,000 casos pendientes.<\/p>\n<p>&nbsp;<\/p>\n<h3><strong>Nueva Estructura de Misi\u00f3n AIMA<\/strong><\/h3>\n<p>Para resolver estos procesos pendientes, tambi\u00e9n se anunci\u00f3 una <strong>Estructura de Misi\u00f3n para la Recuperaci\u00f3n de Procesos Pendientes en AIMA<\/strong>, una misi\u00f3n que tiene como objetivo <strong>regularizar y finalizar todos los procesos pendientes precisamente para junio de 2025<\/strong>.<\/p>\n<p>Hasta entonces, m\u00e1s de <strong>300 nuevos profesionales<\/strong> trabajar\u00e1n en la tramitaci\u00f3n administrativa de los procesos y garantizar\u00e1n un buen servicio a los solicitantes.<\/p>\n<p>Cabe recordar que<strong> muchos de los procesos pendientes en <a href=\"https:\/\/aima.gov.pt\/pt\" rel=\"noopener\">AIMA<\/a> est\u00e1n relacionados con la Manifestaci\u00f3n de Inter\u00e9s, un recurso legal que fue recientemente abolido por el nuevo Gobierno<\/strong>.<\/p>\n<p>Esto significa que las solicitudes de esta naturaleza que no se seguir\u00e1n debido a la falta de pago u otra raz\u00f3n \u2013 se estima que m\u00e1s de la mitad de las existentes \u2013 ser\u00e1n canceladas y, por lo tanto, ya no pesar\u00e1n en los casos pendientes de la Agencia para las Migraciones.<\/p>\n<p>Para obtener m\u00e1s informaci\u00f3n sobre este asunto o buscar apoyo legal para emigrar a Portugal, no dude en ponerse en contacto con nuestro equipo de abogados <a href=\"https:\/\/lamarescapela.pt\/es\/contacto\/\">aqu\u00ed<\/a>.<\/p>\n","protected":false},"excerpt":{"rendered":"<p>El Gobierno acaba de extender la validez de los documentos de Inmigraci\u00f3n hasta finales de junio de 2025, ya que no es posible realizar los cambios necesarios a tiempo, los cuales requieren aprobaci\u00f3n a nivel europeo. As\u00ed, documentos como visas de trabajo, permisos de residencia o visas de movilidad tienen su validez extendida por un [&hellip;]<\/p>\n","protected":false},"author":8,"featured_media":59667,"comment_status":"closed","ping_status":"closed","sticky":false,"template":"","format":"standard","meta":{"_acf_changed":false,"footnotes":""},"categories":[2083],"tags":[],"class_list":["post-59831","post","type-post","status-publish","format-standard","has-post-thumbnail","hentry","category-inmigracion"],"acf":[],"_links":{"self":[{"href":"https:\/\/lamarescapela.pt\/es\/wp-json\/wp\/v2\/posts\/59831","targetHints":{"allow":["GET"]}}],"collection":[{"href":"https:\/\/lamarescapela.pt\/es\/wp-json\/wp\/v2\/posts"}],"about":[{"href":"https:\/\/lamarescapela.pt\/es\/wp-json\/wp\/v2\/types\/post"}],"author":[{"embeddable":true,"href":"https:\/\/lamarescapela.pt\/es\/wp-json\/wp\/v2\/users\/8"}],"replies":[{"embeddable":true,"href":"https:\/\/lamarescapela.pt\/es\/wp-json\/wp\/v2\/comments?post=59831"}],"version-history":[{"count":0,"href":"https:\/\/lamarescapela.pt\/es\/wp-json\/wp\/v2\/posts\/59831\/revisions"}],"wp:featuredmedia":[{"embeddable":true,"href":"https:\/\/lamarescapela.pt\/es\/wp-json\/wp\/v2\/media\/59667"}],"wp:attachment":[{"href":"https:\/\/lamarescapela.pt\/es\/wp-json\/wp\/v2\/media?parent=59831"}],"wp:term":[{"taxonomy":"category","embeddable":true,"href":"https:\/\/lamarescapela.pt\/es\/wp-json\/wp\/v2\/categories?post=59831"},{"taxonomy":"post_tag","embeddable":true,"href":"https:\/\/lamarescapela.pt\/es\/wp-json\/wp\/v2\/tags?post=59831"}],"curies":[{"name":"wp","href":"https:\/\/api.w.org\/{rel}","templated":true}]}}