{"id":93833,"date":"2025-12-19T15:50:15","date_gmt":"2025-12-19T15:50:15","guid":{"rendered":"https:\/\/lamarescapela.pt\/?p=93833"},"modified":"2025-12-19T16:27:12","modified_gmt":"2025-12-19T16:27:12","slug":"reagrupacion-familiar-en-portugal-en-2026-que-ha-cambiado","status":"publish","type":"post","link":"https:\/\/lamarescapela.pt\/es\/reagrupacion-familiar-en-portugal-en-2026-que-ha-cambiado\/","title":{"rendered":"Reagrupaci\u00f3n Familiar en Portugal en 2026: \u00bfQu\u00e9 ha cambiado?"},"content":{"rendered":"<h2><strong>\u00bfHa cambiado la reagrupaci\u00f3n familiar?<\/strong><\/h2>\n<div>\n<p>Con la reciente <a href=\"https:\/\/lamarescapela.pt\/es\/conocimiento\/nueva-ley-de-extranjeria-promulgada-que-cambia-en-la-inmigracion-en-portugal\/\">modificaci\u00f3n de la ley de inmigraci\u00f3n en Portugal<\/a>, la reagrupaci\u00f3n familiar es una de las modalidades de autorizaci\u00f3n de residencia que ha sufrido m\u00e1s cambios. Descubra qu\u00e9 ha cambiado y qu\u00e9 est\u00e1 vigente en 2026.<\/p>\n<\/div>\n<p>&nbsp;<\/p>\n\t\t<div data-elementor-type=\"section\" data-elementor-id=\"73146\" class=\"elementor elementor-73146 elementor-73098\" data-elementor-post-type=\"elementor_library\">\n\t\t\t<div class=\"elementor-element elementor-element-0ced7a3 e-flex e-con-boxed e-con e-parent\" data-id=\"0ced7a3\" data-element_type=\"container\" data-e-type=\"container\">\n\t\t\t\t\t<div class=\"e-con-inner\">\n\t\t\t\t<div class=\"elementor-element elementor-element-217f078 elementor-toc--content-ellipsis elementor-toc--minimized-on-tablet elementor-widget elementor-widget-table-of-contents\" data-id=\"217f078\" data-element_type=\"widget\" data-e-type=\"widget\" data-settings=\"{&quot;exclude_headings_by_selector&quot;:[],&quot;headings_by_tags&quot;:[&quot;h2&quot;,&quot;h3&quot;,&quot;h4&quot;],&quot;no_headings_message&quot;:&quot;N\\u00e3o foram encontrados t\\u00edtulos nesta p\\u00e1gina.&quot;,&quot;marker_view&quot;:&quot;numbers&quot;,&quot;minimize_box&quot;:&quot;yes&quot;,&quot;minimized_on&quot;:&quot;tablet&quot;,&quot;hierarchical_view&quot;:&quot;yes&quot;,&quot;min_height&quot;:{&quot;unit&quot;:&quot;px&quot;,&quot;size&quot;:&quot;&quot;,&quot;sizes&quot;:[]},&quot;min_height_tablet&quot;:{&quot;unit&quot;:&quot;px&quot;,&quot;size&quot;:&quot;&quot;,&quot;sizes&quot;:[]},&quot;min_height_mobile&quot;:{&quot;unit&quot;:&quot;px&quot;,&quot;size&quot;:&quot;&quot;,&quot;sizes&quot;:[]}}\" data-widget_type=\"table-of-contents.default\">\n\t\t\t\t<div class=\"elementor-widget-container\">\n\t\t\t\t\t\t\t\t\t<div class=\"elementor-toc__header\">\n\t\t\t\t\t\t<div class=\"elementor-toc__header-title\">\n\t\t\t\t\u00cdndice\t\t\t<\/div>\n\t\t\t\t\t\t\t\t\t\t<div class=\"elementor-toc__toggle-button elementor-toc__toggle-button--expand\" role=\"button\" tabindex=\"0\" aria-controls=\"elementor-toc__217f078\" aria-expanded=\"true\" aria-label=\"Abrir la tabla de contenidos\"><\/div>\n\t\t\t\t<div class=\"elementor-toc__toggle-button elementor-toc__toggle-button--collapse\" role=\"button\" tabindex=\"0\" aria-controls=\"elementor-toc__217f078\" aria-expanded=\"true\" aria-label=\"Cerrar la tabla de contenidos\"><\/div>\n\t\t\t\t\t<\/div>\n\t\t\t\t<div id=\"elementor-toc__217f078\" class=\"elementor-toc__body\">\n\t\t\t<div class=\"elementor-toc__spinner-container\">\n\t\t\t\t<i class=\"elementor-toc__spinner eicon-animation-spin eicon-loading\" aria-hidden=\"true\"><\/i>\t\t\t<\/div>\n\t\t<\/div>\n\t\t\t\t\t\t<\/div>\n\t\t\t\t<\/div>\n\t\t\t\t\t<\/div>\n\t\t\t\t<\/div>\n\t\t\t\t<\/div>\n\t\t\n<p>&nbsp;<\/p>\n<div>\n<h2><strong>\u00bfQu\u00e9 es la reagrupaci\u00f3n familiar?<\/strong><\/h2>\n<p>La reagrupaci\u00f3n familiar es la modalidad de autorizaci\u00f3n de residencia para familiares de extranjeros residentes en Portugal que se encuentren fuera del territorio nacional; o para familiares de titulares de residencia v\u00e1lida durante al menos 2 a\u00f1os, que hayan entrado legalmente en Portugal, siempre que hayan convivido con el residente o dependan de \u00e9l. Este plazo se reduce a 15 meses para c\u00f3nyuges o parejas que hayan vivido con el residente legal en Portugal durante al menos 18 meses antes de su entrada en el pa\u00eds.<\/p>\n<p>El plazo de 2 a\u00f1os no se aplica cuando el familiar del residente en Portugal sea menor o incapaz a su cargo; c\u00f3nyuge o equivalente que sea progenitor o adoptante del menor o incapaz junto con el titular; o miembros de la familia del titular de autorizaci\u00f3n de residencia obtenida por trabajadores altamente cualificados o titulares de golden visa.<\/p>\n<p>&nbsp;<\/p>\n<h2><strong>\u00bfCu\u00e1l es el procedimiento?<\/strong><\/h2>\n<p>Existen dos modalidades de reagrupaci\u00f3n familiar, cada una con su propio procedimiento:<\/p>\n<h3><strong>1. Cuando el familiar est\u00e1 fuera de Portugal<\/strong><\/h3>\n<p>Este proceso consta de 3 fases:<\/p>\n<ul>\n<li>El titular de la autorizaci\u00f3n de residencia solicita a <a href=\"https:\/\/aima.gov.pt\/pt\" target=\"_blank\" rel=\"noopener\">AIMA<\/a> una cita en el consulado portugu\u00e9s del pa\u00eds de origen o residencia;<\/li>\n<li>Una vez aprobado el pedido, los familiares acuden al consulado portugu\u00e9s para obtener el visado de residencia;<\/li>\n<li>Emitido el visado y ya en Portugal, el familiar se dirige a AIMA para la recogida de datos biom\u00e9tricos.<\/li>\n<\/ul>\n<p>Esta modalidad suele ser m\u00e1s lenta y compleja, ya que requiere documentaci\u00f3n en cada fase.<\/p>\n<p>&nbsp;<\/p>\n<h3><strong>2. Cuando el familiar ha entrado legalmente en Portugal<\/strong><\/h3>\n<p>En este caso, el proceso consta de una sola fase:<\/p>\n<ul>\n<li>La autorizaci\u00f3n de residencia se solicita directamente en AIMA mediante cita previa, donde se entrega toda la documentaci\u00f3n y se recogen los datos biom\u00e9tricos.<\/li>\n<\/ul>\n<p>Esta modalidad se aplica actualmente solo a menores o incapaces; progenitor o adoptante del menor o incapaz junto con el titular; y familiares del titular de autorizaci\u00f3n de residencia altamente cualificados e inversores.<\/p>\n<p>&nbsp;<\/p>\n<h2><strong>\u00bfCu\u00e1les son los requisitos para la reagrupaci\u00f3n familiar?<\/strong><\/h2>\n<p>Para poder solicitar la autorizaci\u00f3n de residencia para sus familiares, el solicitante debe disponer de:<\/p>\n<ul>\n<li>Alojamiento, propio o alquilado, adecuado para la familia;<\/li>\n<li>Medios econ\u00f3micos suficientes para mantener a la familia sin recurrir a ayudas sociales.<\/li>\n<\/ul>\n<p>Los familiares deber\u00e1n tener conocimientos de lengua portuguesa, cultura y valores constitucionales, y los menores deber\u00e1n <a href=\"https:\/\/lamarescapela.pt\/es\/conocimiento\/guia-de-los-mejores-colegios-internacionales-en-portugal-para-sus-hijos\/\">cumplir la escolaridad obligatoria<\/a>.<\/p>\n<p>Adem\u00e1s, el solicitante debe tener un t\u00edtulo v\u00e1lido en Portugal en el momento de la solicitud y presentar prueba de los v\u00ednculos familiares.<\/p>\n<p>&nbsp;<\/p>\n<h2>Plazo para la decisi\u00f3n sobre la emisi\u00f3n de la tarjeta de residencia<\/h2>\n<p>El plazo para la decisi\u00f3n sobre la emisi\u00f3n de esta autorizaci\u00f3n de residencia es de 9 meses, prorrogable en casos complejos.<\/p>\n<p>&nbsp;<\/p>\n<h2>\u00bfCu\u00e1l es la validez de la tarjeta de residencia de los reagrupados?<\/h2>\n<p>Las tarjetas de residencia de los reagrupados tienen una validez de 2 a\u00f1os, renovables por 3 a\u00f1os m\u00e1s. Tambi\u00e9n tienen derecho a autorizaci\u00f3n de residencia permanente v\u00e1lida por 5 a\u00f1os.<\/p>\n<\/div>\n<p><img fetchpriority=\"high\" decoding=\"async\" class=\"alignnone size-full wp-image-93830\" src=\"https:\/\/lamarescapela.pt\/wp-content\/uploads\/reagrupamento-familiar.png\" alt=\"Reagrupamento familiar\" width=\"1920\" height=\"800\" srcset=\"https:\/\/lamarescapela.pt\/wp-content\/uploads\/reagrupamento-familiar.png 1920w, https:\/\/lamarescapela.pt\/wp-content\/uploads\/reagrupamento-familiar-768x320.png 768w, https:\/\/lamarescapela.pt\/wp-content\/uploads\/reagrupamento-familiar-1536x640.png 1536w, https:\/\/lamarescapela.pt\/wp-content\/uploads\/reagrupamento-familiar-600x250.png 600w\" sizes=\"(max-width: 1920px) 100vw, 1920px\" \/><\/p>\n<div>\n<h2><strong>\u00bfBusca el mejor abogado de inmigraci\u00f3n?<\/strong><\/h2>\n<p>Somos un despacho especializado en inmigraci\u00f3n que cuenta con uno de los <a href=\"https:\/\/lamarescapela.pt\/es\/conocimiento\/inmigracion\/diogo-capela-mejor-abogado-de-inmigracion-en-2024\/\">mejores abogados de inmigraci\u00f3n del mundo<\/a>. Si est\u00e1 pensando en traer a su familia a Portugal, inf\u00f3rmese con nosotros sobre los requisitos e inicie el proceso con confianza.<\/p>\n<\/div>\n","protected":false},"excerpt":{"rendered":"<p>\u00bfHa cambiado la reagrupaci\u00f3n familiar? Con la reciente modificaci\u00f3n de la ley de inmigraci\u00f3n en Portugal, la reagrupaci\u00f3n familiar es una de las modalidades de autorizaci\u00f3n de residencia que ha sufrido m\u00e1s cambios. Descubra qu\u00e9 ha cambiado y qu\u00e9 est\u00e1 vigente en 2026. &nbsp; &nbsp; \u00bfQu\u00e9 es la reagrupaci\u00f3n familiar? La reagrupaci\u00f3n familiar es la [&hellip;]<\/p>\n","protected":false},"author":8,"featured_media":93896,"comment_status":"closed","ping_status":"closed","sticky":false,"template":"","format":"standard","meta":{"_acf_changed":false,"footnotes":""},"categories":[2080,2083,2086],"tags":[],"class_list":["post-93833","post","type-post","status-publish","format-standard","has-post-thumbnail","hentry","category-conocimiento","category-inmigracion","category-visados-y-permisos-de-residencia"],"acf":[],"_links":{"self":[{"href":"https:\/\/lamarescapela.pt\/es\/wp-json\/wp\/v2\/posts\/93833","targetHints":{"allow":["GET"]}}],"collection":[{"href":"https:\/\/lamarescapela.pt\/es\/wp-json\/wp\/v2\/posts"}],"about":[{"href":"https:\/\/lamarescapela.pt\/es\/wp-json\/wp\/v2\/types\/post"}],"author":[{"embeddable":true,"href":"https:\/\/lamarescapela.pt\/es\/wp-json\/wp\/v2\/users\/8"}],"replies":[{"embeddable":true,"href":"https:\/\/lamarescapela.pt\/es\/wp-json\/wp\/v2\/comments?post=93833"}],"version-history":[{"count":1,"href":"https:\/\/lamarescapela.pt\/es\/wp-json\/wp\/v2\/posts\/93833\/revisions"}],"predecessor-version":[{"id":93835,"href":"https:\/\/lamarescapela.pt\/es\/wp-json\/wp\/v2\/posts\/93833\/revisions\/93835"}],"wp:featuredmedia":[{"embeddable":true,"href":"https:\/\/lamarescapela.pt\/es\/wp-json\/wp\/v2\/media\/93896"}],"wp:attachment":[{"href":"https:\/\/lamarescapela.pt\/es\/wp-json\/wp\/v2\/media?parent=93833"}],"wp:term":[{"taxonomy":"category","embeddable":true,"href":"https:\/\/lamarescapela.pt\/es\/wp-json\/wp\/v2\/categories?post=93833"},{"taxonomy":"post_tag","embeddable":true,"href":"https:\/\/lamarescapela.pt\/es\/wp-json\/wp\/v2\/tags?post=93833"}],"curies":[{"name":"wp","href":"https:\/\/api.w.org\/{rel}","templated":true}]}}