{"id":94150,"date":"2025-12-30T10:21:03","date_gmt":"2025-12-30T10:21:03","guid":{"rendered":"https:\/\/lamarescapela.pt\/?p=94150"},"modified":"2025-12-30T10:19:18","modified_gmt":"2025-12-30T10:19:18","slug":"visa-d3-para-trabajadores-altamente-cualificados-en-portugal-en-2026","status":"publish","type":"post","link":"https:\/\/lamarescapela.pt\/es\/visa-d3-para-trabajadores-altamente-cualificados-en-portugal-en-2026\/","title":{"rendered":"Visa D3 para Trabajadores Altamente Cualificados en Portugal en 2026"},"content":{"rendered":"<h2><strong>\u00bfQu\u00e9 es el Visa D3?<\/strong><\/h2>\n<div>\n<p>El Visa D3 es una excelente opci\u00f3n para profesionales altamente cualificados que desean vivir y trabajar en Portugal. Dise\u00f1ado para personas con experiencia o cualificaciones excepcionales, este visa permite la residencia por m\u00e1s de un a\u00f1o, ofreciendo acceso a un mercado laboral en crecimiento y a un estilo de vida atractivo.<\/p>\n<p>&nbsp;<\/p>\n<h2><strong>\u00bfA qui\u00e9n est\u00e1 destinado el Visa D3?<\/strong><\/h2>\n<p>El visa de residencia D3 est\u00e1 destinado a todos los profesionales altamente cualificados que deseen trabajar para una empresa con sede en Portugal y residir en el pa\u00eds por un per\u00edodo superior a un a\u00f1o.<\/p>\n<p>El visa de residencia es v\u00e1lido por 4 meses y permite dos entradas en Portugal. Durante este per\u00edodo, el titular del visa debe <a href=\"https:\/\/lamarescapela.pt\/es\/conocimiento\/guia-practica-para-mudarse-a-portugal-consejos-requisitos-y-procesos\/\">trasladarse a Portugal<\/a> y acudir a una cita en AIMA para la recogida de datos biom\u00e9tricos, con el fin de emitir su tarjeta de residencia.<\/p>\n<p>Adem\u00e1s, permite la presentaci\u00f3n simult\u00e1nea de visas para los familiares m\u00e1s cercanos del solicitante principal, de modo que puedan emigrar juntos. Es necesario acreditar el v\u00ednculo familiar al presentar la solicitud.<\/p>\n<p>&nbsp;<\/p>\n<h2><strong>\u00bfCu\u00e1les son los requisitos para obtener el Visa D3 en Portugal?<\/strong><\/h2>\n<p>Para la concesi\u00f3n del permiso de residencia a trabajadores altamente cualificados se requiere:<\/p>\n<ul>\n<li>Ejercicio de una actividad profesional que requiera competencias t\u00e9cnicas especializadas y de car\u00e1cter excepcional, en la que el solicitante tenga m\u00e1s de 5 a\u00f1os de experiencia o una cualificaci\u00f3n adecuada;<\/li>\n<li>Ejercicio de actividad profesional para una empresa con sede en Portugal;<\/li>\n<li>Una remuneraci\u00f3n anual de, al menos, 1,5 veces el salario bruto medio nacional o tres veces el valor del \u00edndice de apoyo social (IAS), que en 2026 corresponde a aproximadamente \u20ac1.611,30.<\/li>\n<\/ul>\n<p>&nbsp;<\/p>\n<h2><strong>\u00bfCu\u00e1l es el procedimiento y el plazo?<\/strong><\/h2>\n<p>La concesi\u00f3n del permiso de residencia para trabajadores altamente cualificados, conocido como Visa D3, se divide en dos fases:<\/p>\n<p>&nbsp;<\/p>\n<h3><strong>1\u00aa Fase \u2013 Consulado: Concesi\u00f3n del visa de residencia<\/strong><\/h3>\n<p>El solicitante debe presentar la solicitud en el Consulado Portugu\u00e9s o en la Secci\u00f3n Consular de la Embajada Portuguesa del pa\u00eds de origen o del pa\u00eds donde resida desde hace m\u00e1s de un a\u00f1o, a trav\u00e9s del <a href=\"https:\/\/pedidodevistos.mne.gov.pt\/VistosOnline\/\" target=\"_blank\" rel=\"noopener\">portal E-visa<\/a> o por correo electr\u00f3nico (dependiendo del consulado).<\/p>\n<p>En algunos pa\u00edses, para gestionar el volumen de solicitudes, el Consulado puede delegar funciones en VFS Global, empresa que recibe las solicitudes antes de que sean analizadas por el Consulado.<\/p>\n<p>Una vez presentada la solicitud, el Consulado dispone de 30 d\u00edas para emitir el visa.<\/p>\n<p>Cuando el visa es emitido, el solicitante puede viajar a Portugal para solicitar el permiso de residencia.<\/p>\n<p>&nbsp;<\/p>\n<h3><strong>2\u00aa Fase \u2013 AIMA: Concesi\u00f3n del permiso de residencia<\/strong><\/h3>\n<p>En la mayor\u00eda de los casos, el visa se emite con la fecha y lugar de la cita. Si no es as\u00ed, ser\u00e1 necesario solicitar la cita por tel\u00e9fono, correo electr\u00f3nico o mediante formulario.<\/p>\n<p>Una vez entregados todos los documentos, AIMA dispone de 90 d\u00edas para emitir la tarjeta de residencia.<\/p>\n<p>&nbsp;<\/p>\n<h2><strong>\u00bfQu\u00e9 documentos son necesarios para obtener el Visa D3?<\/strong><\/h2>\n<p>El Visa D3 implica dos fases distintas de preparaci\u00f3n de documentos:<\/p>\n<h3><strong>1\u00aa fase \u2013 Consulado<\/strong><\/h3>\n<p>Al presentar la solicitud del visa de residencia, se deben aportar, entre otros, los siguientes documentos:<\/p>\n<ul>\n<li>Contrato de trabajo, promesa de contrato de trabajo o contrato de prestaci\u00f3n de servicios con una empresa con sede en Portugal;<\/li>\n<li>Una remuneraci\u00f3n anual de, al menos, 1,5 veces el salario bruto medio nacional o tres veces el IAS (aproximadamente \u20ac1.611,39 en 2026);<\/li>\n<li>Acreditar cualificaciones superiores o experiencia profesional relevante superior a 5 a\u00f1os;<\/li>\n<li>Prueba de alojamiento en Portugal.<\/li>\n<\/ul>\n<p><strong>Tasa<\/strong>: \u20ac110<\/p>\n<p>&nbsp;<\/p>\n<h3><strong>2\u00aa fase \u2013 AIMA<\/strong><\/h3>\n<p>En la cita, el solicitante proporcionar\u00e1 datos biom\u00e9tricos (fotograf\u00eda, huellas dactilares y firma) y entregar\u00e1 la documentaci\u00f3n necesaria, entre la que se incluye:<\/p>\n<ul>\n<li>N\u00famero de Identificaci\u00f3n Fiscal (NIF);<\/li>\n<li>Comprobante de emisi\u00f3n del N\u00famero de Seguridad Social (NISS);<\/li>\n<li>Prueba de alojamiento;<\/li>\n<li>Contrato de trabajo o contrato de prestaci\u00f3n de servicios firmado con una empresa con sede en Portugal, con una duraci\u00f3n m\u00ednima de 6 meses y un salario mensual de al menos \u20ac1.611,39;<\/li>\n<li>Comprobante de medios de subsistencia.<\/li>\n<\/ul>\n<p><strong>Tasa<\/strong>: \u20ac177,08<\/p>\n<p>&nbsp;<\/p>\n<h2><strong>\u00bfCu\u00e1l es la validez de la Tarjeta de Residencia?<\/strong><\/h2>\n<p>Este permiso de residencia tiene una validez de 2 a\u00f1os desde la fecha de emisi\u00f3n y puede renovarse por 3 a\u00f1os. Tras 5 a\u00f1os, el ciudadano extranjero puede solicitar la residencia permanente.<\/p>\n<p>&nbsp;<\/p>\n<h2><strong>\u00bfCu\u00e1les son los principales beneficios del Visa D3?<\/strong><\/h2>\n<ul>\n<li><a href=\"https:\/\/lamarescapela.pt\/es\/conocimiento\/reagrupacion-familiar-en-portugal-en-2026-que-ha-cambiado\/\">Reagrupaci\u00f3n familiar<\/a>;<\/li>\n<li>Acceso a un sistema de salud cualificado y asequible;<\/li>\n<li>Acceso a derechos y tribunales;<\/li>\n<li>Posibilidad de libre circulaci\u00f3n en el espacio Schengen.<\/li>\n<\/ul>\n<\/div>\n<p>&nbsp;<\/p>\n<p><img fetchpriority=\"high\" decoding=\"async\" class=\"alignnone size-full wp-image-94142\" src=\"https:\/\/lamarescapela.pt\/wp-content\/uploads\/visto-d3-2026.png\" alt=\"Visto De\" width=\"1920\" height=\"800\" srcset=\"https:\/\/lamarescapela.pt\/wp-content\/uploads\/visto-d3-2026.png 1920w, https:\/\/lamarescapela.pt\/wp-content\/uploads\/visto-d3-2026-768x320.png 768w, https:\/\/lamarescapela.pt\/wp-content\/uploads\/visto-d3-2026-1536x640.png 1536w, https:\/\/lamarescapela.pt\/wp-content\/uploads\/visto-d3-2026-600x250.png 600w\" sizes=\"(max-width: 1920px) 100vw, 1920px\" \/><\/p>\n<p>&nbsp;<\/p>\n<div>\n<h2><strong>\u00bfEst\u00e1 pensando en mudarse a Portugal?<\/strong><\/h2>\n<p>Si est\u00e1 considerando solicitar el Visa D3, aseg\u00farese de que su proceso est\u00e9 bien preparado desde el inicio. Cont\u00e1ctenos para comenzar su solicitud con confianza.<\/p>\n<\/div>\n","protected":false},"excerpt":{"rendered":"<p>\u00bfQu\u00e9 es el Visa D3? El Visa D3 es una excelente opci\u00f3n para profesionales altamente cualificados que desean vivir y trabajar en Portugal. Dise\u00f1ado para personas con experiencia o cualificaciones excepcionales, este visa permite la residencia por m\u00e1s de un a\u00f1o, ofreciendo acceso a un mercado laboral en crecimiento y a un estilo de vida [&hellip;]<\/p>\n","protected":false},"author":8,"featured_media":94138,"comment_status":"closed","ping_status":"closed","sticky":false,"template":"","format":"standard","meta":{"_acf_changed":false,"footnotes":""},"categories":[2083,2086],"tags":[],"class_list":["post-94150","post","type-post","status-publish","format-standard","has-post-thumbnail","hentry","category-inmigracion","category-visados-y-permisos-de-residencia"],"acf":[],"_links":{"self":[{"href":"https:\/\/lamarescapela.pt\/es\/wp-json\/wp\/v2\/posts\/94150","targetHints":{"allow":["GET"]}}],"collection":[{"href":"https:\/\/lamarescapela.pt\/es\/wp-json\/wp\/v2\/posts"}],"about":[{"href":"https:\/\/lamarescapela.pt\/es\/wp-json\/wp\/v2\/types\/post"}],"author":[{"embeddable":true,"href":"https:\/\/lamarescapela.pt\/es\/wp-json\/wp\/v2\/users\/8"}],"replies":[{"embeddable":true,"href":"https:\/\/lamarescapela.pt\/es\/wp-json\/wp\/v2\/comments?post=94150"}],"version-history":[{"count":1,"href":"https:\/\/lamarescapela.pt\/es\/wp-json\/wp\/v2\/posts\/94150\/revisions"}],"predecessor-version":[{"id":94151,"href":"https:\/\/lamarescapela.pt\/es\/wp-json\/wp\/v2\/posts\/94150\/revisions\/94151"}],"wp:featuredmedia":[{"embeddable":true,"href":"https:\/\/lamarescapela.pt\/es\/wp-json\/wp\/v2\/media\/94138"}],"wp:attachment":[{"href":"https:\/\/lamarescapela.pt\/es\/wp-json\/wp\/v2\/media?parent=94150"}],"wp:term":[{"taxonomy":"category","embeddable":true,"href":"https:\/\/lamarescapela.pt\/es\/wp-json\/wp\/v2\/categories?post=94150"},{"taxonomy":"post_tag","embeddable":true,"href":"https:\/\/lamarescapela.pt\/es\/wp-json\/wp\/v2\/tags?post=94150"}],"curies":[{"name":"wp","href":"https:\/\/api.w.org\/{rel}","templated":true}]}}